{"id":60983,"date":"2020-08-21T09:30:24","date_gmt":"2020-08-21T07:30:24","guid":{"rendered":"https:\/\/www.presse-citron.net\/?p=377048"},"modified":"2020-08-21T09:30:24","modified_gmt":"2020-08-21T07:30:24","slug":"skoda-nous-offre-un-apercu-du-design-de-la-future-enyaq-iv","status":"publish","type":"post","link":"https:\/\/www.evearly.news\/fr\/skoda-nous-offre-un-apercu-du-design-de-la-future-enyaq-iv\/","title":{"rendered":"\u0160koda nous offre un aper\u00e7u du design de la future Enyaq iV"},"content":{"rendered":"<p><img loading=\"lazy\" decoding=\"async\" class=\"attachment-full size-full wp-post-image\" src=\"https:\/\/news.evearly.com\/wp-content\/uploads\/2020\/08\/skoda-nous-offre-un-apercu-du-design-de-la-future-enyaq-iv.jpg\" alt=\"Design \u0160koda Enyaq iV 2021\" width=\"1400\" height=\"932\" \/><\/p>\n<p>Le futur SUV \u00e9lectrique de la firme tch\u00e8que se d\u00e9voile petit \u00e0 petit, en attendant sa pr\u00e9sentation officielle pr\u00e9vue pour la rentr\u00e9e. <a href=\"https:\/\/www.presse-citron.net\/skoda-nous-offre-un-apercu-du-design-de-la-future-enyaq-iv\/\" target=\"_blank\" rel=\"noopener noreferrer\">Lire la suite&#8230;<\/a><\/p>\n","protected":false},"excerpt":{"rendered":"<p>&#8230; <a class=\"continue-reading-link\" href=\"https:\/\/www.evearly.news\/fr\/skoda-nous-offre-un-apercu-du-design-de-la-future-enyaq-iv\/\"><\/a><\/p>\n","protected":false},"author":18,"featured_media":0,"comment_status":"closed","ping_status":"closed","sticky":false,"template":"","format":"standard","meta":{"footnotes":""},"categories":[19],"tags":[],"class_list":["post-60983","post","type-post","status-publish","format-standard","hentry","category-presse-citron"],"_links":{"self":[{"href":"https:\/\/www.evearly.news\/fr\/wp-json\/wp\/v2\/posts\/60983","targetHints":{"allow":["GET"]}}],"collection":[{"href":"https:\/\/www.evearly.news\/fr\/wp-json\/wp\/v2\/posts"}],"about":[{"href":"https:\/\/www.evearly.news\/fr\/wp-json\/wp\/v2\/types\/post"}],"author":[{"embeddable":true,"href":"https:\/\/www.evearly.news\/fr\/wp-json\/wp\/v2\/users\/18"}],"replies":[{"embeddable":true,"href":"https:\/\/www.evearly.news\/fr\/wp-json\/wp\/v2\/comments?post=60983"}],"version-history":[{"count":0,"href":"https:\/\/www.evearly.news\/fr\/wp-json\/wp\/v2\/posts\/60983\/revisions"}],"wp:attachment":[{"href":"https:\/\/www.evearly.news\/fr\/wp-json\/wp\/v2\/media?parent=60983"}],"wp:term":[{"taxonomy":"category","embeddable":true,"href":"https:\/\/www.evearly.news\/fr\/wp-json\/wp\/v2\/categories?post=60983"},{"taxonomy":"post_tag","embeddable":true,"href":"https:\/\/www.evearly.news\/fr\/wp-json\/wp\/v2\/tags?post=60983"}],"curies":[{"name":"wp","href":"https:\/\/api.w.org\/{rel}","templated":true}]}}