{"id":61027,"date":"2020-08-22T17:44:23","date_gmt":"2020-08-22T15:44:23","guid":{"rendered":"https:\/\/www.automobile-propre.com\/?post_type=breves&amp;p=96051"},"modified":"2020-08-22T17:44:23","modified_gmt":"2020-08-22T15:44:23","slug":"laventure-peugeot-expose-ses-voitures-electriques-de-1941-a-2010","status":"publish","type":"post","link":"https:\/\/www.evearly.news\/fr\/laventure-peugeot-expose-ses-voitures-electriques-de-1941-a-2010\/","title":{"rendered":"L\u2019Aventure Peugeot expose ses voitures \u00e9lectriques de 1941 \u00e0 2010"},"content":{"rendered":"<p><img decoding=\"async\" src=\"https:\/\/www.automobile-propre.com\/wp-content\/uploads\/2020\/02\/APA0107_RRetromobileB3-730x487.jpg\" \/>La visite commence avec la VLV (Voiture l\u00e9g\u00e8re de ville) con\u00e7ue pendant la Seconde Guerre mondiale lorsque l\u2019approvisionnement en carburant est devenu difficile. Utilis\u00e9 par la Poste, mais aussi par les m\u00e9decins, cet engin a \u00e9t\u00e9 produit \u00e0 moins de 400 exemplaires, dont celui qui attend les visiteurs au mus\u00e9e.\u00a0<a href=\"https:\/\/www.automobile-propre.com\/breves\/laventure-peugeot-expose-ses-voitures-electriques-de-1941-a-2010\/\" target=\"_blank\" rel=\"noopener noreferrer\">Lire la suite&#8230;<\/a><\/p>\n","protected":false},"excerpt":{"rendered":"<table>\n<tr>\n<td style=\"width:210px\"><a href=\"https:\/\/www.automobile-propre.com\/breves\/laventure-peugeot-expose-ses-voitures-electriques-de-1941-a-2010\/\"><img loading=\"lazy\" decoding=\"async\" width=\"186\" height=\"124\" src=\"https:\/\/news.evearly.com\/wp-content\/uploads\/2020\/08\/laventure-peugeot-expose-ses-voitures-electriques-de-1941-a-2010.jpg\" class=\"attachment-186x124 size-186x124 wp-post-image\" alt=\"\" \/><\/td>\n<td style=\"vertical-align:top\">Situ\u00e9 \u00e0 Sochaux (25), le mus\u00e9e du Lion propose jusqu\u2019au 31 janvier 2021 de d\u00e9couvrir ses tr\u00e9sors \u00e9lectromobiles peu connus ou oubli\u00e9s.<\/td>\n<\/tr>\n<\/table>\n<p>L\u2019article <a rel=\"nofollow\" href=\"https:\/\/www.automobile-propre.com\/breves\/laventure-peugeot-expose-ses-voitures-electriques-de-1941-a-2010\/\">L\u2019Aventure Peugeot expose ses voitures \u00e9lectriques de 1941 \u00e0 2010<\/a> est apparu en premier sur <a rel=\"nofollow\" href=\"https:\/\/www.automobile-propre.com\">Automobile Propre<\/a>.<\/p>\n<p>  <a class=\"continue-reading-link\" href=\"https:\/\/www.evearly.news\/fr\/laventure-peugeot-expose-ses-voitures-electriques-de-1941-a-2010\/\"><\/a><\/p>\n","protected":false},"author":8,"featured_media":0,"comment_status":"closed","ping_status":"closed","sticky":false,"template":"","format":"standard","meta":{"footnotes":""},"categories":[8],"tags":[],"class_list":["post-61027","post","type-post","status-publish","format-standard","hentry","category-automobile-propre"],"_links":{"self":[{"href":"https:\/\/www.evearly.news\/fr\/wp-json\/wp\/v2\/posts\/61027","targetHints":{"allow":["GET"]}}],"collection":[{"href":"https:\/\/www.evearly.news\/fr\/wp-json\/wp\/v2\/posts"}],"about":[{"href":"https:\/\/www.evearly.news\/fr\/wp-json\/wp\/v2\/types\/post"}],"author":[{"embeddable":true,"href":"https:\/\/www.evearly.news\/fr\/wp-json\/wp\/v2\/users\/8"}],"replies":[{"embeddable":true,"href":"https:\/\/www.evearly.news\/fr\/wp-json\/wp\/v2\/comments?post=61027"}],"version-history":[{"count":0,"href":"https:\/\/www.evearly.news\/fr\/wp-json\/wp\/v2\/posts\/61027\/revisions"}],"wp:attachment":[{"href":"https:\/\/www.evearly.news\/fr\/wp-json\/wp\/v2\/media?parent=61027"}],"wp:term":[{"taxonomy":"category","embeddable":true,"href":"https:\/\/www.evearly.news\/fr\/wp-json\/wp\/v2\/categories?post=61027"},{"taxonomy":"post_tag","embeddable":true,"href":"https:\/\/www.evearly.news\/fr\/wp-json\/wp\/v2\/tags?post=61027"}],"curies":[{"name":"wp","href":"https:\/\/api.w.org\/{rel}","templated":true}]}}