{"id":61062,"date":"2020-08-22T15:00:00","date_gmt":"2020-08-22T13:00:00","guid":{"rendered":"https:\/\/www.caradisiac.com\/comparatif-video-les-essais-de-soheil-ayari-porsche-911-turbo-s-vs-porsche-taycan-turbo-s-croqueuses-de-chrono-184382.htm#xtor=RSS-40"},"modified":"2020-08-22T15:00:00","modified_gmt":"2020-08-22T13:00:00","slug":"comparatif-video-les-essais-de-soheil-ayari-porsche-911-turbo-s-vs-porsche-taycan-turbo-s-croqueuses-de-chrono","status":"publish","type":"post","link":"https:\/\/www.evearly.news\/fr\/comparatif-video-les-essais-de-soheil-ayari-porsche-911-turbo-s-vs-porsche-taycan-turbo-s-croqueuses-de-chrono\/","title":{"rendered":"Comparatif vid\u00e9o &#8211; Les essais de Soheil Ayari : Porsche 911 Turbo S VS Porsche Taycan turbo S : croqueuses de chrono"},"content":{"rendered":"<p><img decoding=\"async\" src=\"https:\/\/news.evearly.com\/wp-content\/uploads\/2020\/08\/comparatif-video-les-essais-de-soheil-ayari-porsche-911-turbo-s-vs-porsche-taycan-turbo-s-croqueuses-de-chrono.jpg\" \/> Aujourd\u2019hui est un jour particulier puisqu\u2019il s\u2019agit du 100e reportage que nous avons r\u00e9alis\u00e9 avec notre pilote maison Soheil Ayari. Pour marquer cet anniversaire, nous lui avons propos\u00e9 un programme de choix avec un duel 100% Porsche entre la derni\u00e8re 911 Turbo S face \u00e0 la Taycan, le premier mod\u00e8le \u00e9lectrique de la marque de Stuttgart. Alors tradition ou modernit\u00e9\u00a0? <a href=\"https:\/\/www.caradisiac.com\/comparatif-video-les-essais-de-soheil-ayari-porsche-911-turbo-s-vs-porsche-taycan-turbo-s-croqueuses-de-chrono-184382.htm#xtor=RSS-40\" target=\"_blank\" rel=\"noopener noreferrer\">Lire la suite&#8230;<\/a><\/p>\n","protected":false},"excerpt":{"rendered":"<p><img decoding=\"async\" src=\"https:\/\/news.evearly.com\/wp-content\/uploads\/2020\/08\/comparatif-video-les-essais-de-soheil-ayari-porsche-911-turbo-s-vs-porsche-taycan-turbo-s-croqueuses-de-chrono.jpg\" \/> Aujourd\u2019hui est un jour particulier puisqu\u2019il s\u2019agit du 100e reportage que nous avons r\u00e9alis\u00e9 avec notre pilote maison Soheil Ayari. Pour marquer cet anniversaire, nous lui avons propos\u00e9 un programme de choix avec un duel 100% Porsche entre la derni\u00e8re 911 Turbo S face \u00e0 la Taycan, le premier mod\u00e8le \u00e9lectrique de la marque de Stuttgart. Alors tradition ou modernit\u00e9\u00a0?  <a class=\"continue-reading-link\" href=\"https:\/\/www.evearly.news\/fr\/comparatif-video-les-essais-de-soheil-ayari-porsche-911-turbo-s-vs-porsche-taycan-turbo-s-croqueuses-de-chrono\/\"><\/a><\/p>\n","protected":false},"author":11,"featured_media":0,"comment_status":"closed","ping_status":"closed","sticky":false,"template":"","format":"standard","meta":{"footnotes":""},"categories":[11],"tags":[],"class_list":["post-61062","post","type-post","status-publish","format-standard","hentry","category-caradisiac"],"_links":{"self":[{"href":"https:\/\/www.evearly.news\/fr\/wp-json\/wp\/v2\/posts\/61062","targetHints":{"allow":["GET"]}}],"collection":[{"href":"https:\/\/www.evearly.news\/fr\/wp-json\/wp\/v2\/posts"}],"about":[{"href":"https:\/\/www.evearly.news\/fr\/wp-json\/wp\/v2\/types\/post"}],"author":[{"embeddable":true,"href":"https:\/\/www.evearly.news\/fr\/wp-json\/wp\/v2\/users\/11"}],"replies":[{"embeddable":true,"href":"https:\/\/www.evearly.news\/fr\/wp-json\/wp\/v2\/comments?post=61062"}],"version-history":[{"count":0,"href":"https:\/\/www.evearly.news\/fr\/wp-json\/wp\/v2\/posts\/61062\/revisions"}],"wp:attachment":[{"href":"https:\/\/www.evearly.news\/fr\/wp-json\/wp\/v2\/media?parent=61062"}],"wp:term":[{"taxonomy":"category","embeddable":true,"href":"https:\/\/www.evearly.news\/fr\/wp-json\/wp\/v2\/categories?post=61062"},{"taxonomy":"post_tag","embeddable":true,"href":"https:\/\/www.evearly.news\/fr\/wp-json\/wp\/v2\/tags?post=61062"}],"curies":[{"name":"wp","href":"https:\/\/api.w.org\/{rel}","templated":true}]}}