{"id":61180,"date":"2020-07-30T11:00:52","date_gmt":"2020-07-30T09:00:52","guid":{"rendered":"https:\/\/www.presse-citron.net\/?p=373206"},"modified":"2020-07-30T11:00:52","modified_gmt":"2020-07-30T09:00:52","slug":"la-concurrente-de-la-tesla-model-s-annonce-sa-date-de-lancement-et-ses-technologies","status":"publish","type":"post","link":"https:\/\/www.evearly.news\/fr\/la-concurrente-de-la-tesla-model-s-annonce-sa-date-de-lancement-et-ses-technologies\/","title":{"rendered":"La concurrente de la Tesla Model S annonce sa date de lancement et ses technologies"},"content":{"rendered":"<p><img loading=\"lazy\" decoding=\"async\" width=\"1400\" height=\"932\" src=\"https:\/\/news.evearly.com\/wp-content\/uploads\/2020\/08\/la-concurrente-de-la-tesla-model-s-annonce-sa-date-de-lancement-et-ses-technologies.jpg\" class=\"attachment-full size-full wp-post-image\" alt=\"Lucid Air\"><\/p>\n<p>Lucid Motors, qui s&rsquo;annonce comme le concurrent de Tesla, d\u00e9voile davantage de d\u00e9tails sur sa future Lucid Air 100% \u00e9lectrique, qui sera lanc\u00e9e d\u00e9but 2021. <a href=\"https:\/\/www.presse-citron.net\/la-concurrente-de-la-tesla-model-s-annonce-sa-date-de-lancement-et-ses-technologies\/\" target=\"_blank\" rel=\"noopener noreferrer\">Lire la suite&#8230;<\/a><\/p>\n","protected":false},"excerpt":{"rendered":"<p>&#8230; <a class=\"continue-reading-link\" href=\"https:\/\/www.evearly.news\/fr\/la-concurrente-de-la-tesla-model-s-annonce-sa-date-de-lancement-et-ses-technologies\/\"><\/a><\/p>\n","protected":false},"author":18,"featured_media":0,"comment_status":"closed","ping_status":"closed","sticky":false,"template":"","format":"standard","meta":{"footnotes":""},"categories":[19],"tags":[],"class_list":["post-61180","post","type-post","status-publish","format-standard","hentry","category-presse-citron"],"_links":{"self":[{"href":"https:\/\/www.evearly.news\/fr\/wp-json\/wp\/v2\/posts\/61180","targetHints":{"allow":["GET"]}}],"collection":[{"href":"https:\/\/www.evearly.news\/fr\/wp-json\/wp\/v2\/posts"}],"about":[{"href":"https:\/\/www.evearly.news\/fr\/wp-json\/wp\/v2\/types\/post"}],"author":[{"embeddable":true,"href":"https:\/\/www.evearly.news\/fr\/wp-json\/wp\/v2\/users\/18"}],"replies":[{"embeddable":true,"href":"https:\/\/www.evearly.news\/fr\/wp-json\/wp\/v2\/comments?post=61180"}],"version-history":[{"count":0,"href":"https:\/\/www.evearly.news\/fr\/wp-json\/wp\/v2\/posts\/61180\/revisions"}],"wp:attachment":[{"href":"https:\/\/www.evearly.news\/fr\/wp-json\/wp\/v2\/media?parent=61180"}],"wp:term":[{"taxonomy":"category","embeddable":true,"href":"https:\/\/www.evearly.news\/fr\/wp-json\/wp\/v2\/categories?post=61180"},{"taxonomy":"post_tag","embeddable":true,"href":"https:\/\/www.evearly.news\/fr\/wp-json\/wp\/v2\/tags?post=61180"}],"curies":[{"name":"wp","href":"https:\/\/api.w.org\/{rel}","templated":true}]}}