{"id":61203,"date":"2020-08-24T07:01:17","date_gmt":"2020-08-24T05:01:17","guid":{"rendered":"https:\/\/news.evearly.com\/?p=61203"},"modified":"2020-08-24T07:01:17","modified_gmt":"2020-08-24T05:01:17","slug":"hyundai-ioniq-un-destin-electrique-dans-les-pas-de-la-toyota-prius","status":"publish","type":"post","link":"https:\/\/www.evearly.news\/fr\/hyundai-ioniq-un-destin-electrique-dans-les-pas-de-la-toyota-prius\/","title":{"rendered":"Hyundai IONIQ : un destin \u00e9lectrique dans les pas de la Toyota Prius"},"content":{"rendered":"<p><img decoding=\"async\" src=\"https:\/\/www.breezcar.com\/img-c\/pageimg\/5036_W750.jpg\" alt=\"D\u2019ici 2024, la marque IONIQ de Hyundai d\u00e9di\u00e9e \u00e0 l\u2019\u00e9lectrique accueillera deux SUV et une berline \u00e0 la carri\u00e8re mondiale\" \/>Afin de distinguer sa gamme conventionnelle de ses mod\u00e8les \u00e9lectriques, Hyundai cr\u00e9e le label IONIQ. Issue du mod\u00e8le \u00e9ponyme d\u00e9clin\u00e9 en versions \u00e9lectrique, hybride et hybride rechargeable, la nouvelle marque accueillera d\u00e8s l\u2019an prochain un SUV compact \u00e0 batteries. <a href=\"https:\/\/www.breezcar.com\/actualites\/article\/hyundai-ioniq-un-destin-electrique-sur-les-pas-de-la-toyota-prius-0820\" target=\"_blank\" rel=\"noopener noreferrer\">Lire la suite&#8230;<\/a><\/p>\n","protected":false},"excerpt":{"rendered":"<p>STRAT\u00c9GIE &#8211; Afin de distinguer sa gamme conventionnelle de ses mod\u00e8les \u00e9lectriques, Hyundai cr\u00e9e le label IONIQ. Issue du mod\u00e8le \u00e9ponyme d\u00e9clin\u00e9 en versions \u00e9lectrique, hybride et hybride rechargeable, la nouvelle marque accueillera d\u00e8s l\u2019an prochain un SUV compact \u00e0 batteries.<br \/>\nVingt-trois ans apr\u00e8s le lancement de la premi\u00e8re g\u00e9n\u00e9ration de Prius au Japon, Hyundai ouvre la voie \u00e0 la commercialisa&#8230;  <a class=\"continue-reading-link\" href=\"https:\/\/www.evearly.news\/fr\/hyundai-ioniq-un-destin-electrique-dans-les-pas-de-la-toyota-prius\/\"><\/a><\/p>\n","protected":false},"author":29,"featured_media":0,"comment_status":"closed","ping_status":"closed","sticky":false,"template":"","format":"standard","meta":{"footnotes":""},"categories":[25],"tags":[],"class_list":["post-61203","post","type-post","status-publish","format-standard","hentry","category-breezcar"],"_links":{"self":[{"href":"https:\/\/www.evearly.news\/fr\/wp-json\/wp\/v2\/posts\/61203","targetHints":{"allow":["GET"]}}],"collection":[{"href":"https:\/\/www.evearly.news\/fr\/wp-json\/wp\/v2\/posts"}],"about":[{"href":"https:\/\/www.evearly.news\/fr\/wp-json\/wp\/v2\/types\/post"}],"author":[{"embeddable":true,"href":"https:\/\/www.evearly.news\/fr\/wp-json\/wp\/v2\/users\/29"}],"replies":[{"embeddable":true,"href":"https:\/\/www.evearly.news\/fr\/wp-json\/wp\/v2\/comments?post=61203"}],"version-history":[{"count":0,"href":"https:\/\/www.evearly.news\/fr\/wp-json\/wp\/v2\/posts\/61203\/revisions"}],"wp:attachment":[{"href":"https:\/\/www.evearly.news\/fr\/wp-json\/wp\/v2\/media?parent=61203"}],"wp:term":[{"taxonomy":"category","embeddable":true,"href":"https:\/\/www.evearly.news\/fr\/wp-json\/wp\/v2\/categories?post=61203"},{"taxonomy":"post_tag","embeddable":true,"href":"https:\/\/www.evearly.news\/fr\/wp-json\/wp\/v2\/tags?post=61203"}],"curies":[{"name":"wp","href":"https:\/\/api.w.org\/{rel}","templated":true}]}}