{"id":66280,"date":"2020-09-23T03:06:07","date_gmt":"2020-09-23T01:06:07","guid":{"rendered":"https:\/\/www.automobile-propre.com\/?post_type=breves&amp;p=97852"},"modified":"2020-09-23T03:06:07","modified_gmt":"2020-09-23T01:06:07","slug":"tesla-model-s-plaid-une-furie-electrique-a-840-km-dautonomie-pour-2021","status":"publish","type":"post","link":"https:\/\/www.evearly.news\/fr\/tesla-model-s-plaid-une-furie-electrique-a-840-km-dautonomie-pour-2021\/","title":{"rendered":"Tesla Model S Plaid : une furie \u00e9lectrique \u00e0 840 km d\u2019autonomie pour 2021"},"content":{"rendered":"<p><img decoding=\"async\" src=\"https:\/\/www.automobile-propre.com\/wp-content\/uploads\/2020\/09\/Screenshot_2020-09-23-Battery-Day-Tesla1-1200x767.png\" \/>Nous n\u2019avons pas \u00e9t\u00e9 d\u00e9\u00e7us du Battery Day, cette conf\u00e9rence donnant les d\u00e9tails des futures batteries Tesla. On connait d\u00e9sormais ce qui animera le camion \u00e9lectrique et le pickup Cybertruck, ainsi que le projet de voiture \u00e0 25.000 dollars. Mais la marque n\u2019oublie pas le haut de gamme. <a style=\"font-size: inherit\" href=\"https:\/\/www.automobile-propre.com\/breves\/tesla-model-s-plaid-une-furie-electrique-a-840-km-dautonomie-pour-2021\/\" target=\"_blank\" rel=\"noopener noreferrer\">Lire la suite&#8230;<\/a><\/p>\n","protected":false},"excerpt":{"rendered":"<table>\n<tr>\n<td style=\"width:210px\"><a href=\"https:\/\/www.automobile-propre.com\/breves\/tesla-model-s-plaid-une-furie-electrique-a-840-km-dautonomie-pour-2021\/\"><img loading=\"lazy\" decoding=\"async\" width=\"186\" height=\"124\" src=\"https:\/\/news.evearly.com\/wp-content\/uploads\/2020\/09\/tesla-model-s-plaid-une-furie-electrique-a-840-km-dautonomie-pour-2021.png\" class=\"attachment-186x124 size-186x124 wp-post-image\" alt=\"\" \/><\/td>\n<td style=\"vertical-align:top\">La conf\u00e9rence Battery Day promet des batteries maison nouvelle g\u00e9n\u00e9ration, une voiture abordable, mais aussi du sport avec cette Model S Plaid de 1.100 chevaux claquant le 0-100 km\/h en 2,1 secondes.<\/td>\n<\/tr>\n<\/table>\n<p>L\u2019article <a rel=\"nofollow\" href=\"https:\/\/www.automobile-propre.com\/breves\/tesla-model-s-plaid-une-furie-electrique-a-840-km-dautonomie-pour-2021\/\">Tesla Model S Plaid : une furie \u00e9lectrique \u00e0 840 km d\u2019autonomie pour 2021<\/a> est apparu en premier sur <a rel=\"nofollow\" href=\"https:\/\/www.automobile-propre.com\">Automobile Propre<\/a>.<\/p>\n<p>  <a class=\"continue-reading-link\" href=\"https:\/\/www.evearly.news\/fr\/tesla-model-s-plaid-une-furie-electrique-a-840-km-dautonomie-pour-2021\/\"><\/a><\/p>\n","protected":false},"author":8,"featured_media":0,"comment_status":"closed","ping_status":"closed","sticky":false,"template":"","format":"standard","meta":{"footnotes":""},"categories":[8],"tags":[],"class_list":["post-66280","post","type-post","status-publish","format-standard","hentry","category-automobile-propre"],"_links":{"self":[{"href":"https:\/\/www.evearly.news\/fr\/wp-json\/wp\/v2\/posts\/66280","targetHints":{"allow":["GET"]}}],"collection":[{"href":"https:\/\/www.evearly.news\/fr\/wp-json\/wp\/v2\/posts"}],"about":[{"href":"https:\/\/www.evearly.news\/fr\/wp-json\/wp\/v2\/types\/post"}],"author":[{"embeddable":true,"href":"https:\/\/www.evearly.news\/fr\/wp-json\/wp\/v2\/users\/8"}],"replies":[{"embeddable":true,"href":"https:\/\/www.evearly.news\/fr\/wp-json\/wp\/v2\/comments?post=66280"}],"version-history":[{"count":0,"href":"https:\/\/www.evearly.news\/fr\/wp-json\/wp\/v2\/posts\/66280\/revisions"}],"wp:attachment":[{"href":"https:\/\/www.evearly.news\/fr\/wp-json\/wp\/v2\/media?parent=66280"}],"wp:term":[{"taxonomy":"category","embeddable":true,"href":"https:\/\/www.evearly.news\/fr\/wp-json\/wp\/v2\/categories?post=66280"},{"taxonomy":"post_tag","embeddable":true,"href":"https:\/\/www.evearly.news\/fr\/wp-json\/wp\/v2\/tags?post=66280"}],"curies":[{"name":"wp","href":"https:\/\/api.w.org\/{rel}","templated":true}]}}