{"id":66292,"date":"2020-09-23T06:00:00","date_gmt":"2020-09-23T04:00:00","guid":{"rendered":"https:\/\/www.presse-citron.net\/?p=383910"},"modified":"2020-09-23T06:00:00","modified_gmt":"2020-09-23T04:00:00","slug":"battery-day-tesla-devoile-une-batterie-deux-fois-moins-chere-et-plus-puissante","status":"publish","type":"post","link":"https:\/\/www.evearly.news\/fr\/battery-day-tesla-devoile-une-batterie-deux-fois-moins-chere-et-plus-puissante\/","title":{"rendered":"Battery Day\u00a0: Tesla d\u00e9voile une batterie deux fois moins ch\u00e8re et plus puissante"},"content":{"rendered":"<p><img loading=\"lazy\" decoding=\"async\" width=\"1400\" height=\"933\" src=\"https:\/\/news.evearly.com\/wp-content\/uploads\/2020\/09\/battery-day-tesla-devoile-une-batterie-deux-fois-moins-chere-et-plus-puissante.jpg\" class=\"attachment-full size-full wp-post-image\" alt=\"Tesla Supercharger\"><\/p>\n<p>Certainement l&rsquo;annonce de l&rsquo;ann\u00e9e pour Tesla, qui d\u00e9voile ici sa feuille de route pour les cinq prochaines ann\u00e9es (et une nouvelle version pour la Model S). <a href=\"https:\/\/www.presse-citron.net\/battery-day-tesla-devoile-une-batterie-deux-fois-moins-chere-et-plus-puissante\/\" target=\"_blank\" rel=\"noopener noreferrer\">Lire la suite&#8230;<\/a><\/p>\n","protected":false},"excerpt":{"rendered":"<p>&#8230; <a class=\"continue-reading-link\" href=\"https:\/\/www.evearly.news\/fr\/battery-day-tesla-devoile-une-batterie-deux-fois-moins-chere-et-plus-puissante\/\"><\/a><\/p>\n","protected":false},"author":18,"featured_media":0,"comment_status":"closed","ping_status":"closed","sticky":false,"template":"","format":"standard","meta":{"footnotes":""},"categories":[19],"tags":[],"class_list":["post-66292","post","type-post","status-publish","format-standard","hentry","category-presse-citron"],"_links":{"self":[{"href":"https:\/\/www.evearly.news\/fr\/wp-json\/wp\/v2\/posts\/66292","targetHints":{"allow":["GET"]}}],"collection":[{"href":"https:\/\/www.evearly.news\/fr\/wp-json\/wp\/v2\/posts"}],"about":[{"href":"https:\/\/www.evearly.news\/fr\/wp-json\/wp\/v2\/types\/post"}],"author":[{"embeddable":true,"href":"https:\/\/www.evearly.news\/fr\/wp-json\/wp\/v2\/users\/18"}],"replies":[{"embeddable":true,"href":"https:\/\/www.evearly.news\/fr\/wp-json\/wp\/v2\/comments?post=66292"}],"version-history":[{"count":0,"href":"https:\/\/www.evearly.news\/fr\/wp-json\/wp\/v2\/posts\/66292\/revisions"}],"wp:attachment":[{"href":"https:\/\/www.evearly.news\/fr\/wp-json\/wp\/v2\/media?parent=66292"}],"wp:term":[{"taxonomy":"category","embeddable":true,"href":"https:\/\/www.evearly.news\/fr\/wp-json\/wp\/v2\/categories?post=66292"},{"taxonomy":"post_tag","embeddable":true,"href":"https:\/\/www.evearly.news\/fr\/wp-json\/wp\/v2\/tags?post=66292"}],"curies":[{"name":"wp","href":"https:\/\/api.w.org\/{rel}","templated":true}]}}