{"id":66302,"date":"2020-09-23T08:17:44","date_gmt":"2020-09-23T06:17:44","guid":{"rendered":"https:\/\/www.frandroid.com\/?p=770815"},"modified":"2023-08-19T04:20:44","modified_gmt":"2023-08-19T04:20:44","slug":"tesla-model-s-plaid-devoilee-un-bolide-avec-840-km-dautonomie-et-1100-chevaux","status":"publish","type":"post","link":"https:\/\/www.evearly.news\/fr\/tesla-model-s-plaid-devoilee-un-bolide-avec-840-km-dautonomie-et-1100-chevaux\/","title":{"rendered":"Tesla Model S Plaid d\u00e9voil\u00e9e : un bolide avec 840 km d\u2019autonomie et 1100 chevaux"},"content":{"rendered":"<p class=\"chapo\"><img decoding=\"async\" src=\"https:\/\/images.frandroid.com\/wp-content\/uploads\/2019\/09\/tesla-model-s-1563301327-1200x674.jpg\" alt=\"La Tesla Model S\" \/>Cette nuit avait lieu la fameuse \u00ab battery day \u00bb de Tesla. Une conf\u00e9rence qui s&rsquo;est termin\u00e9e par l&rsquo;annonce surprise de la Tesla Model S Plaid aux caract\u00e9ristiques tr\u00e8s ambitieuses pour une voiture \u00e9lectrique. <a style=\"font-size: inherit\" href=\"https:\/\/www.frandroid.com\/marques\/tesla\/770815_tesla-model-s-plaid-devoile-un-bolide-avec-840-km-dautonomie-et-1100-chevaux\" target=\"_blank\" rel=\"noopener noreferrer\">Lire la suite&#8230;<\/a><\/p>\n","protected":false},"excerpt":{"rendered":"<p>&#8230; <a class=\"continue-reading-link\" href=\"https:\/\/www.evearly.news\/fr\/tesla-model-s-plaid-devoilee-un-bolide-avec-840-km-dautonomie-et-1100-chevaux\/\"><\/a><\/p>\n","protected":false},"author":6,"featured_media":0,"comment_status":"closed","ping_status":"closed","sticky":false,"template":"","format":"standard","meta":{"footnotes":""},"categories":[14],"tags":[],"class_list":["post-66302","post","type-post","status-publish","format-standard","hentry","category-frandroid"],"_links":{"self":[{"href":"https:\/\/www.evearly.news\/fr\/wp-json\/wp\/v2\/posts\/66302","targetHints":{"allow":["GET"]}}],"collection":[{"href":"https:\/\/www.evearly.news\/fr\/wp-json\/wp\/v2\/posts"}],"about":[{"href":"https:\/\/www.evearly.news\/fr\/wp-json\/wp\/v2\/types\/post"}],"author":[{"embeddable":true,"href":"https:\/\/www.evearly.news\/fr\/wp-json\/wp\/v2\/users\/6"}],"replies":[{"embeddable":true,"href":"https:\/\/www.evearly.news\/fr\/wp-json\/wp\/v2\/comments?post=66302"}],"version-history":[{"count":1,"href":"https:\/\/www.evearly.news\/fr\/wp-json\/wp\/v2\/posts\/66302\/revisions"}],"predecessor-version":[{"id":260170,"href":"https:\/\/www.evearly.news\/fr\/wp-json\/wp\/v2\/posts\/66302\/revisions\/260170"}],"wp:attachment":[{"href":"https:\/\/www.evearly.news\/fr\/wp-json\/wp\/v2\/media?parent=66302"}],"wp:term":[{"taxonomy":"category","embeddable":true,"href":"https:\/\/www.evearly.news\/fr\/wp-json\/wp\/v2\/categories?post=66302"},{"taxonomy":"post_tag","embeddable":true,"href":"https:\/\/www.evearly.news\/fr\/wp-json\/wp\/v2\/tags?post=66302"}],"curies":[{"name":"wp","href":"https:\/\/api.w.org\/{rel}","templated":true}]}}