{"id":66309,"date":"2020-09-23T09:29:32","date_gmt":"2020-09-23T07:29:32","guid":{"rendered":"https:\/\/www.automobile-propre.com\/?post_type=breves&amp;p=97879"},"modified":"2020-09-23T09:29:32","modified_gmt":"2020-09-23T07:29:32","slug":"la-taycan-devient-la-porsche-la-plus-vendue-en-europe","status":"publish","type":"post","link":"https:\/\/www.evearly.news\/fr\/la-taycan-devient-la-porsche-la-plus-vendue-en-europe\/","title":{"rendered":"La Taycan devient la Porsche la plus vendue en Europe"},"content":{"rendered":"<p><img decoding=\"async\" src=\"https:\/\/www.automobile-propre.com\/wp-content\/uploads\/2020\/06\/porsche-taycan-2020-chine-02-1200x800.jpg\" \/>En arrivant sur le march\u00e9, le Porsche Cayenne a \u00e9t\u00e9 mal accueillie par les puristes. Toutefois, sa pr\u00e9sence au catalogue a permis \u00e0 la marque de multiplier les ventes et de s\u2019assurer une solide sant\u00e9 financi\u00e8re. L\u2019histoire s\u2019est r\u00e9p\u00e9t\u00e9e avec la Porsche Taycan, qui a eu du mal \u00e0 se faire accepter par les nostalgiques.\u00a0<a href=\"https:\/\/www.automobile-propre.com\/breves\/la-taycan-devient-la-porsche-la-plus-vendue-en-europe\/\" target=\"_blank\" rel=\"noopener noreferrer\">Lire la suite&#8230;<\/a><\/p>\n","protected":false},"excerpt":{"rendered":"<table>\n<tr>\n<td style=\"width:210px\"><a href=\"https:\/\/www.automobile-propre.com\/breves\/la-taycan-devient-la-porsche-la-plus-vendue-en-europe\/\"><img loading=\"lazy\" decoding=\"async\" width=\"186\" height=\"124\" src=\"https:\/\/news.evearly.com\/wp-content\/uploads\/2020\/09\/la-taycan-devient-la-porsche-la-plus-vendue-en-europe-1.jpg\" class=\"attachment-186x124 size-186x124 wp-post-image\" alt=\"\" \/><\/td>\n<td style=\"vertical-align:top\">Apr\u00e8s une lente mont\u00e9e en puissance au chapitre commercial, la Porsche Taycan prend la premi\u00e8re place des voitures les plus vendues par la marque en Europe.<\/td>\n<\/tr>\n<\/table>\n<p>L\u2019article <a rel=\"nofollow\" href=\"https:\/\/www.automobile-propre.com\/breves\/la-taycan-devient-la-porsche-la-plus-vendue-en-europe\/\">La Taycan devient la Porsche la plus vendue en Europe<\/a> est apparu en premier sur <a rel=\"nofollow\" href=\"https:\/\/www.automobile-propre.com\">Automobile Propre<\/a>.<\/p>\n<p>  <a class=\"continue-reading-link\" href=\"https:\/\/www.evearly.news\/fr\/la-taycan-devient-la-porsche-la-plus-vendue-en-europe\/\"><\/a><\/p>\n","protected":false},"author":8,"featured_media":0,"comment_status":"closed","ping_status":"closed","sticky":false,"template":"","format":"standard","meta":{"footnotes":""},"categories":[8],"tags":[],"class_list":["post-66309","post","type-post","status-publish","format-standard","hentry","category-automobile-propre"],"_links":{"self":[{"href":"https:\/\/www.evearly.news\/fr\/wp-json\/wp\/v2\/posts\/66309","targetHints":{"allow":["GET"]}}],"collection":[{"href":"https:\/\/www.evearly.news\/fr\/wp-json\/wp\/v2\/posts"}],"about":[{"href":"https:\/\/www.evearly.news\/fr\/wp-json\/wp\/v2\/types\/post"}],"author":[{"embeddable":true,"href":"https:\/\/www.evearly.news\/fr\/wp-json\/wp\/v2\/users\/8"}],"replies":[{"embeddable":true,"href":"https:\/\/www.evearly.news\/fr\/wp-json\/wp\/v2\/comments?post=66309"}],"version-history":[{"count":0,"href":"https:\/\/www.evearly.news\/fr\/wp-json\/wp\/v2\/posts\/66309\/revisions"}],"wp:attachment":[{"href":"https:\/\/www.evearly.news\/fr\/wp-json\/wp\/v2\/media?parent=66309"}],"wp:term":[{"taxonomy":"category","embeddable":true,"href":"https:\/\/www.evearly.news\/fr\/wp-json\/wp\/v2\/categories?post=66309"},{"taxonomy":"post_tag","embeddable":true,"href":"https:\/\/www.evearly.news\/fr\/wp-json\/wp\/v2\/tags?post=66309"}],"curies":[{"name":"wp","href":"https:\/\/api.w.org\/{rel}","templated":true}]}}