{"id":66311,"date":"2020-09-23T09:08:54","date_gmt":"2020-09-23T07:08:54","guid":{"rendered":"https:\/\/www.automobile-propre.com\/?post_type=breves&amp;p=97865"},"modified":"2020-09-23T09:08:54","modified_gmt":"2020-09-23T07:08:54","slug":"le-range-rover-velar-arrive-en-hybride-rechargeable","status":"publish","type":"post","link":"https:\/\/www.evearly.news\/fr\/le-range-rover-velar-arrive-en-hybride-rechargeable\/","title":{"rendered":"Le Range Rover Velar arrive en hybride rechargeable"},"content":{"rendered":"<p><img decoding=\"async\" src=\"https:\/\/www.automobile-propre.com\/wp-content\/uploads\/2020\/09\/range-rover-velar-phev-0001.jpg\" \/>Depuis l\u2019entr\u00e9e en vigueur des nouveaux quotas CO2 europ\u00e9ens, on assiste \u00e0 une v\u00e9ritable avalanche de mod\u00e8les branch\u00e9s. Sans surprise, ce sont les marques premium qui sont les premi\u00e8res concern\u00e9es. Chez Range Rover, l\u2019heure est \u00e0 l\u2019\u00e9lectrification des grands SUV. Apr\u00e8s le Defender, c\u2019est au tour du Velar d\u2019adopter une technologie hybride rechargeable.\u00a0<a href=\"https:\/\/www.automobile-propre.com\/breves\/range-rover-velar-hybride-rechargeable\/\" target=\"_blank\" rel=\"noopener noreferrer\">Lire la suite&#8230;<\/a><\/p>\n","protected":false},"excerpt":{"rendered":"<table>\n<tr>\n<td style=\"width:210px\"><a href=\"https:\/\/www.automobile-propre.com\/breves\/range-rover-velar-hybride-rechargeable\/\"><img loading=\"lazy\" decoding=\"async\" width=\"186\" height=\"124\" src=\"https:\/\/news.evearly.com\/wp-content\/uploads\/2020\/09\/le-range-rover-velar-arrive-en-hybride-rechargeable-1.jpg\" class=\"attachment-186x124 size-186x124 wp-post-image\" alt=\"\" \/><\/td>\n<td style=\"vertical-align:top\">Apr\u00e8s l\u2019Evoque et le Defender, c\u2019est au tour du Range Rover Velar de passer \u00e0 l\u2019hybride rechargeable. Int\u00e9gr\u00e9 \u00e0 la gamme 2021 du constructeur, le Velar P400e promet plus de 50 km d\u2019autonomie en \u00e9lectrique.<\/td>\n<\/tr>\n<\/table>\n<p>L\u2019article <a rel=\"nofollow\" href=\"https:\/\/www.automobile-propre.com\/breves\/range-rover-velar-hybride-rechargeable\/\">Le Range Rover Velar arrive en hybride rechargeable<\/a> est apparu en premier sur <a rel=\"nofollow\" href=\"https:\/\/www.automobile-propre.com\">Automobile Propre<\/a>.<\/p>\n<p>  <a class=\"continue-reading-link\" href=\"https:\/\/www.evearly.news\/fr\/le-range-rover-velar-arrive-en-hybride-rechargeable\/\"><\/a><\/p>\n","protected":false},"author":8,"featured_media":0,"comment_status":"closed","ping_status":"closed","sticky":false,"template":"","format":"standard","meta":{"footnotes":""},"categories":[8],"tags":[],"class_list":["post-66311","post","type-post","status-publish","format-standard","hentry","category-automobile-propre"],"_links":{"self":[{"href":"https:\/\/www.evearly.news\/fr\/wp-json\/wp\/v2\/posts\/66311","targetHints":{"allow":["GET"]}}],"collection":[{"href":"https:\/\/www.evearly.news\/fr\/wp-json\/wp\/v2\/posts"}],"about":[{"href":"https:\/\/www.evearly.news\/fr\/wp-json\/wp\/v2\/types\/post"}],"author":[{"embeddable":true,"href":"https:\/\/www.evearly.news\/fr\/wp-json\/wp\/v2\/users\/8"}],"replies":[{"embeddable":true,"href":"https:\/\/www.evearly.news\/fr\/wp-json\/wp\/v2\/comments?post=66311"}],"version-history":[{"count":0,"href":"https:\/\/www.evearly.news\/fr\/wp-json\/wp\/v2\/posts\/66311\/revisions"}],"wp:attachment":[{"href":"https:\/\/www.evearly.news\/fr\/wp-json\/wp\/v2\/media?parent=66311"}],"wp:term":[{"taxonomy":"category","embeddable":true,"href":"https:\/\/www.evearly.news\/fr\/wp-json\/wp\/v2\/categories?post=66311"},{"taxonomy":"post_tag","embeddable":true,"href":"https:\/\/www.evearly.news\/fr\/wp-json\/wp\/v2\/tags?post=66311"}],"curies":[{"name":"wp","href":"https:\/\/api.w.org\/{rel}","templated":true}]}}