{"id":66353,"date":"2020-09-23T13:08:12","date_gmt":"2020-09-23T11:08:12","guid":{"rendered":"https:\/\/www.automobile-propre.com\/?post_type=breves&amp;p=97892"},"modified":"2020-09-23T13:08:12","modified_gmt":"2020-09-23T11:08:12","slug":"renault-arkana-e-tech-premier-suv-hybride-pour-le-losange","status":"publish","type":"post","link":"https:\/\/www.evearly.news\/fr\/renault-arkana-e-tech-premier-suv-hybride-pour-le-losange\/","title":{"rendered":"Renault Arkana E-Tech : premier SUV hybride pour le losange"},"content":{"rendered":"<p><img decoding=\"async\" src=\"https:\/\/www.automobile-propre.com\/wp-content\/uploads\/2020\/09\/Renault-Arkana-E-Tech-2021-01-1200x800.jpg\" \/>L\u2019hybride monte en gamme chez Renault. Apr\u00e8s le segment de la citadine avec la Clio E-Tech en d\u00e9but d\u2019ann\u00e9e, la marque au losange s\u2019attaque au monde du SUV.\u00a0Curieusement, Renault n\u2019a pas choisi le Kadjar ou le Koleos mais l\u2019Arkana , un mod\u00e8le produit en Cor\u00e9e du Sud \u00e9galement sous le nom de Samsung XM3. <a style=\"font-size: inherit\" href=\"https:\/\/www.automobile-propre.com\/breves\/renault-arkana-e-tech-premier-suv-hybride-pour-le-losange\/\" target=\"_blank\" rel=\"noopener noreferrer\">Lire la suite&#8230;<\/a><\/p>\n","protected":false},"excerpt":{"rendered":"<table>\n<tr>\n<td style=\"width:210px\"><a href=\"https:\/\/www.automobile-propre.com\/breves\/renault-arkana-e-tech-premier-suv-hybride-pour-le-losange\/\"><img loading=\"lazy\" decoding=\"async\" width=\"186\" height=\"124\" src=\"https:\/\/news.evearly.com\/wp-content\/uploads\/2020\/09\/renault-arkana-e-tech-premier-suv-hybride-pour-le-losange-13.jpg\" class=\"attachment-186x124 size-186x124 wp-post-image\" alt=\"\" \/><\/td>\n<td style=\"vertical-align:top\">Sorte de Captur coup\u00e9 rallong\u00e9, le nouveau SUV Arkana rejoindra la gamme Renault d\u00e9but 2021 avec la motorisation hybride E-Tech de 140 chevaux de la Clio.<\/td>\n<\/tr>\n<\/table>\n<p>L\u2019article <a rel=\"nofollow\" href=\"https:\/\/www.automobile-propre.com\/breves\/renault-arkana-e-tech-premier-suv-hybride-pour-le-losange\/\">Renault Arkana E-Tech : premier SUV hybride pour le losange<\/a> est apparu en premier sur <a rel=\"nofollow\" href=\"https:\/\/www.automobile-propre.com\">Automobile Propre<\/a>.<\/p>\n<p>  <a class=\"continue-reading-link\" href=\"https:\/\/www.evearly.news\/fr\/renault-arkana-e-tech-premier-suv-hybride-pour-le-losange\/\"><\/a><\/p>\n","protected":false},"author":8,"featured_media":0,"comment_status":"closed","ping_status":"closed","sticky":false,"template":"","format":"standard","meta":{"footnotes":""},"categories":[8],"tags":[],"class_list":["post-66353","post","type-post","status-publish","format-standard","hentry","category-automobile-propre"],"_links":{"self":[{"href":"https:\/\/www.evearly.news\/fr\/wp-json\/wp\/v2\/posts\/66353","targetHints":{"allow":["GET"]}}],"collection":[{"href":"https:\/\/www.evearly.news\/fr\/wp-json\/wp\/v2\/posts"}],"about":[{"href":"https:\/\/www.evearly.news\/fr\/wp-json\/wp\/v2\/types\/post"}],"author":[{"embeddable":true,"href":"https:\/\/www.evearly.news\/fr\/wp-json\/wp\/v2\/users\/8"}],"replies":[{"embeddable":true,"href":"https:\/\/www.evearly.news\/fr\/wp-json\/wp\/v2\/comments?post=66353"}],"version-history":[{"count":0,"href":"https:\/\/www.evearly.news\/fr\/wp-json\/wp\/v2\/posts\/66353\/revisions"}],"wp:attachment":[{"href":"https:\/\/www.evearly.news\/fr\/wp-json\/wp\/v2\/media?parent=66353"}],"wp:term":[{"taxonomy":"category","embeddable":true,"href":"https:\/\/www.evearly.news\/fr\/wp-json\/wp\/v2\/categories?post=66353"},{"taxonomy":"post_tag","embeddable":true,"href":"https:\/\/www.evearly.news\/fr\/wp-json\/wp\/v2\/tags?post=66353"}],"curies":[{"name":"wp","href":"https:\/\/api.w.org\/{rel}","templated":true}]}}