{"id":66417,"date":"2020-09-23T14:48:09","date_gmt":"2020-09-23T12:48:09","guid":{"rendered":"https:\/\/www.automobile-propre.com\/?post_type=breves&amp;p=97877"},"modified":"2020-09-23T14:48:09","modified_gmt":"2020-09-23T12:48:09","slug":"la-peugeot-508-pse-hybride-officialise-sa-puissance-de-360-ch","status":"publish","type":"post","link":"https:\/\/www.evearly.news\/fr\/la-peugeot-508-pse-hybride-officialise-sa-puissance-de-360-ch\/","title":{"rendered":"La Peugeot 508 PSE hybride officialise sa puissance de 360 ch"},"content":{"rendered":"<p><img decoding=\"async\" src=\"https:\/\/www.automobile-propre.com\/wp-content\/uploads\/2020\/03\/Peugeot-508-PSE-prototype-2020-03-730x487.jpg\" \/>En pleine transition \u00e9nerg\u00e9tique, la marque au Lion entame une \u00e9lectrification totale ou partielle de la plupart de ses mod\u00e8les. Attach\u00e9e \u00e0 la fibre sportive, la marque a aussi annonc\u00e9 qu\u2019elle profitera de la f\u00e9e \u00e9lectrique pour doper certaines voitures. La Peugeot 508 PSE (pour Peugeot Sport Engineered) est la premi\u00e8re de la lign\u00e9e et d\u00e9voile aujourd\u2019hui sa puissance. <a style=\"font-size: inherit\" href=\"https:\/\/www.automobile-propre.com\/breves\/la-peugeot-508-pse-hybride-officialise-sa-puissance-de-360-ch\/\" target=\"_blank\" rel=\"noopener noreferrer\">Lire la suite&#8230;<\/a><\/p>\n","protected":false},"excerpt":{"rendered":"<table>\n<tr>\n<td style=\"width:210px\"><a href=\"https:\/\/www.automobile-propre.com\/breves\/la-peugeot-508-pse-hybride-officialise-sa-puissance-de-360-ch\/\"><img loading=\"lazy\" decoding=\"async\" width=\"186\" height=\"124\" src=\"https:\/\/news.evearly.com\/wp-content\/uploads\/2020\/09\/la-peugeot-508-pse-hybride-officialise-sa-puissance-de-360-ch-1.jpg\" class=\"attachment-186x124 size-186x124 wp-post-image\" alt=\"\" \/><\/td>\n<td style=\"vertical-align:top\">Profitant de la technologie hybride, Peugeot a pouss\u00e9 les potentiom\u00e8tres afin de revenir dans la sph\u00e8re des sportives routi\u00e8res avec une 508 PSE de 360 ch.<\/td>\n<\/tr>\n<\/table>\n<p>L\u2019article <a rel=\"nofollow\" href=\"https:\/\/www.automobile-propre.com\/breves\/la-peugeot-508-pse-hybride-officialise-sa-puissance-de-360-ch\/\">La Peugeot 508 PSE hybride officialise sa puissance de 360 ch<\/a> est apparu en premier sur <a rel=\"nofollow\" href=\"https:\/\/www.automobile-propre.com\">Automobile Propre<\/a>.<\/p>\n<p>  <a class=\"continue-reading-link\" href=\"https:\/\/www.evearly.news\/fr\/la-peugeot-508-pse-hybride-officialise-sa-puissance-de-360-ch\/\"><\/a><\/p>\n","protected":false},"author":8,"featured_media":0,"comment_status":"closed","ping_status":"closed","sticky":false,"template":"","format":"standard","meta":{"footnotes":""},"categories":[8],"tags":[],"class_list":["post-66417","post","type-post","status-publish","format-standard","hentry","category-automobile-propre"],"_links":{"self":[{"href":"https:\/\/www.evearly.news\/fr\/wp-json\/wp\/v2\/posts\/66417","targetHints":{"allow":["GET"]}}],"collection":[{"href":"https:\/\/www.evearly.news\/fr\/wp-json\/wp\/v2\/posts"}],"about":[{"href":"https:\/\/www.evearly.news\/fr\/wp-json\/wp\/v2\/types\/post"}],"author":[{"embeddable":true,"href":"https:\/\/www.evearly.news\/fr\/wp-json\/wp\/v2\/users\/8"}],"replies":[{"embeddable":true,"href":"https:\/\/www.evearly.news\/fr\/wp-json\/wp\/v2\/comments?post=66417"}],"version-history":[{"count":0,"href":"https:\/\/www.evearly.news\/fr\/wp-json\/wp\/v2\/posts\/66417\/revisions"}],"wp:attachment":[{"href":"https:\/\/www.evearly.news\/fr\/wp-json\/wp\/v2\/media?parent=66417"}],"wp:term":[{"taxonomy":"category","embeddable":true,"href":"https:\/\/www.evearly.news\/fr\/wp-json\/wp\/v2\/categories?post=66417"},{"taxonomy":"post_tag","embeddable":true,"href":"https:\/\/www.evearly.news\/fr\/wp-json\/wp\/v2\/tags?post=66417"}],"curies":[{"name":"wp","href":"https:\/\/api.w.org\/{rel}","templated":true}]}}