{"id":66421,"date":"2020-09-23T15:27:17","date_gmt":"2020-09-23T13:27:17","guid":{"rendered":"https:\/\/www.automobile-propre.com\/?post_type=breves&amp;p=97917"},"modified":"2020-09-23T15:27:17","modified_gmt":"2020-09-23T13:27:17","slug":"nouveau-peugeot-3008-hybride-tous-les-prix-et-finitions-du-suv-rechargeable","status":"publish","type":"post","link":"https:\/\/www.evearly.news\/fr\/nouveau-peugeot-3008-hybride-tous-les-prix-et-finitions-du-suv-rechargeable\/","title":{"rendered":"Nouveau Peugeot 3008 Hybride : tous les prix et finitions du SUV rechargeable"},"content":{"rendered":"<p><img decoding=\"async\" src=\"https:\/\/www.automobile-propre.com\/wp-content\/uploads\/2020\/09\/Peugeot-3008-Hybride-Restyle-2020-7.jpg\" \/>Apr\u00e8s plus de trois ans et demi de bons et loyaux services, le 3008 se refait une beaut\u00e9. Nous avions d\u00e9couvert en images le restylage du SUV, prenant un nouveau visage avec sa calandre \u00e9tir\u00e9e. Il reconduisait \u00e9galement les deux motorisations hybrides rechargeables, l\u2019Hybrid 225 chevaux traction et l\u2019Hybrid4 300 ch 4 roues motrices. <a style=\"font-size: inherit\" href=\"https:\/\/www.automobile-propre.com\/breves\/nouveau-peugeot-3008-hybride-tous-les-prix-et-finitions-du-suv-rechargeable\/\" target=\"_blank\" rel=\"noopener noreferrer\">Lire la suite&#8230;<\/a><\/p>\n","protected":false},"excerpt":{"rendered":"<table>\n<tr>\n<td style=\"width:210px\"><a href=\"https:\/\/www.automobile-propre.com\/breves\/nouveau-peugeot-3008-hybride-tous-les-prix-et-finitions-du-suv-rechargeable\/\"><img loading=\"lazy\" decoding=\"async\" width=\"186\" height=\"124\" src=\"https:\/\/news.evearly.com\/wp-content\/uploads\/2020\/09\/nouveau-peugeot-3008-hybride-tous-les-prix-et-finitions-du-suv-rechargeable-15.jpg\" class=\"attachment-186x124 size-186x124 wp-post-image\" alt=\"\" \/><\/td>\n<td style=\"vertical-align:top\">Mod\u00e8le hybride rechargeable le plus vendu en France, le Peugeot 3008 d\u00e9voile sa gamme 2020 \u00e0 l\u2019occasion de son restylage. D\u00e9clin\u00e9 en quatre finitions, il d\u00e9bute \u00e0 partir de 45.100 \u20ac.<\/td>\n<\/tr>\n<\/table>\n<p>L\u2019article <a rel=\"nofollow\" href=\"https:\/\/www.automobile-propre.com\/breves\/nouveau-peugeot-3008-hybride-tous-les-prix-et-finitions-du-suv-rechargeable\/\">Nouveau Peugeot 3008 Hybride : tous les prix et finitions du SUV rechargeable<\/a> est apparu en premier sur <a rel=\"nofollow\" href=\"https:\/\/www.automobile-propre.com\">Automobile Propre<\/a>.<\/p>\n<p>  <a class=\"continue-reading-link\" href=\"https:\/\/www.evearly.news\/fr\/nouveau-peugeot-3008-hybride-tous-les-prix-et-finitions-du-suv-rechargeable\/\"><\/a><\/p>\n","protected":false},"author":8,"featured_media":0,"comment_status":"closed","ping_status":"closed","sticky":false,"template":"","format":"standard","meta":{"footnotes":""},"categories":[8],"tags":[],"class_list":["post-66421","post","type-post","status-publish","format-standard","hentry","category-automobile-propre"],"_links":{"self":[{"href":"https:\/\/www.evearly.news\/fr\/wp-json\/wp\/v2\/posts\/66421","targetHints":{"allow":["GET"]}}],"collection":[{"href":"https:\/\/www.evearly.news\/fr\/wp-json\/wp\/v2\/posts"}],"about":[{"href":"https:\/\/www.evearly.news\/fr\/wp-json\/wp\/v2\/types\/post"}],"author":[{"embeddable":true,"href":"https:\/\/www.evearly.news\/fr\/wp-json\/wp\/v2\/users\/8"}],"replies":[{"embeddable":true,"href":"https:\/\/www.evearly.news\/fr\/wp-json\/wp\/v2\/comments?post=66421"}],"version-history":[{"count":0,"href":"https:\/\/www.evearly.news\/fr\/wp-json\/wp\/v2\/posts\/66421\/revisions"}],"wp:attachment":[{"href":"https:\/\/www.evearly.news\/fr\/wp-json\/wp\/v2\/media?parent=66421"}],"wp:term":[{"taxonomy":"category","embeddable":true,"href":"https:\/\/www.evearly.news\/fr\/wp-json\/wp\/v2\/categories?post=66421"},{"taxonomy":"post_tag","embeddable":true,"href":"https:\/\/www.evearly.news\/fr\/wp-json\/wp\/v2\/tags?post=66421"}],"curies":[{"name":"wp","href":"https:\/\/api.w.org\/{rel}","templated":true}]}}