{"id":66429,"date":"2020-09-23T12:00:29","date_gmt":"2020-09-23T10:00:29","guid":{"rendered":"https:\/\/www.presse-citron.net\/?p=383977"},"modified":"2020-09-23T12:00:29","modified_gmt":"2020-09-23T10:00:29","slug":"volkswagen-souhaiterait-se-separer-de-bugatti","status":"publish","type":"post","link":"https:\/\/www.evearly.news\/fr\/volkswagen-souhaiterait-se-separer-de-bugatti\/","title":{"rendered":"Volkswagen souhaiterait se s\u00e9parer de Bugatti"},"content":{"rendered":"<p><img loading=\"lazy\" decoding=\"async\" width=\"1400\" height=\"932\" src=\"https:\/\/news.evearly.com\/wp-content\/uploads\/2020\/09\/volkswagen-souhaiterait-se-separer-de-bugatti.jpg\" class=\"attachment-full size-full wp-post-image\" alt=\"Bugatti Chiron Sport 110 Ans\"><\/p>\n<p>Le groupe Volkswagen, actuel propri\u00e9taire de Bugatti, serait selon les rumeurs en cours de n\u00e9gociation pour c\u00e9der le joyau fran\u00e7ais \u00e0 Rimac. <a href=\"https:\/\/www.presse-citron.net\/volkswagen-souhaiterait-se-separer-de-bugatti\/\" target=\"_blank\" rel=\"noopener noreferrer\">Lire la suite&#8230;<\/a><\/p>\n","protected":false},"excerpt":{"rendered":"<p>&#8230; <a class=\"continue-reading-link\" href=\"https:\/\/www.evearly.news\/fr\/volkswagen-souhaiterait-se-separer-de-bugatti\/\"><\/a><\/p>\n","protected":false},"author":18,"featured_media":0,"comment_status":"closed","ping_status":"closed","sticky":false,"template":"","format":"standard","meta":{"footnotes":""},"categories":[19],"tags":[],"class_list":["post-66429","post","type-post","status-publish","format-standard","hentry","category-presse-citron"],"_links":{"self":[{"href":"https:\/\/www.evearly.news\/fr\/wp-json\/wp\/v2\/posts\/66429","targetHints":{"allow":["GET"]}}],"collection":[{"href":"https:\/\/www.evearly.news\/fr\/wp-json\/wp\/v2\/posts"}],"about":[{"href":"https:\/\/www.evearly.news\/fr\/wp-json\/wp\/v2\/types\/post"}],"author":[{"embeddable":true,"href":"https:\/\/www.evearly.news\/fr\/wp-json\/wp\/v2\/users\/18"}],"replies":[{"embeddable":true,"href":"https:\/\/www.evearly.news\/fr\/wp-json\/wp\/v2\/comments?post=66429"}],"version-history":[{"count":0,"href":"https:\/\/www.evearly.news\/fr\/wp-json\/wp\/v2\/posts\/66429\/revisions"}],"wp:attachment":[{"href":"https:\/\/www.evearly.news\/fr\/wp-json\/wp\/v2\/media?parent=66429"}],"wp:term":[{"taxonomy":"category","embeddable":true,"href":"https:\/\/www.evearly.news\/fr\/wp-json\/wp\/v2\/categories?post=66429"},{"taxonomy":"post_tag","embeddable":true,"href":"https:\/\/www.evearly.news\/fr\/wp-json\/wp\/v2\/tags?post=66429"}],"curies":[{"name":"wp","href":"https:\/\/api.w.org\/{rel}","templated":true}]}}