{"id":66441,"date":"2020-09-23T16:07:11","date_gmt":"2020-09-23T14:07:11","guid":{"rendered":"https:\/\/www.automobile-propre.com\/?post_type=breves&amp;p=97923"},"modified":"2020-09-23T16:07:11","modified_gmt":"2020-09-23T14:07:11","slug":"volkswagen-id-4-premieres-photos-en-fuite-avant-la-presentation","status":"publish","type":"post","link":"https:\/\/www.evearly.news\/fr\/volkswagen-id-4-premieres-photos-en-fuite-avant-la-presentation\/","title":{"rendered":"Volkswagen ID.4 : premi\u00e8res photos en fuite avant la pr\u00e9sentation"},"content":{"rendered":"<p><img decoding=\"async\" src=\"https:\/\/www.automobile-propre.com\/wp-content\/uploads\/2020\/09\/Volkswagen-ID.4-2021-Scoop-3.jpg\" \/>Internet est sans piti\u00e9 pour les secrets des constructeurs automobiles, et Volkswagen est la nouvelle victime. Depuis quelques heures, circulent d\u00e9j\u00e0 des premi\u00e8res images de l\u2019ID.4 du c\u00f4t\u00e9 des m\u00e9dias chinois. <a style=\"font-size: inherit\" href=\"https:\/\/www.automobile-propre.com\/breves\/volkswagen-id-4-premieres-photos-en-fuite-avant-la-presentation\/\" target=\"_blank\" rel=\"noopener noreferrer\">Lire la suite&#8230;<\/a><\/p>\n","protected":false},"excerpt":{"rendered":"<table>\n<tr>\n<td style=\"width:210px\"><a href=\"https:\/\/www.automobile-propre.com\/breves\/volkswagen-id-4-premieres-photos-en-fuite-avant-la-presentation\/\"><img loading=\"lazy\" decoding=\"async\" width=\"186\" height=\"124\" src=\"https:\/\/news.evearly.com\/wp-content\/uploads\/2020\/09\/volkswagen-id-4-premieres-photos-en-fuite-avant-la-presentation-3.jpg\" class=\"attachment-186x124 size-186x124 wp-post-image\" alt=\"\" \/><\/td>\n<td style=\"vertical-align:top\">Le premier SUV \u00e9lectrique de la marque Volkswagen, l\u2019ID.4 d\u00e9riv\u00e9 de l\u2019ID.3, se d\u00e9voile d\u00e9j\u00e0 sur Internet en amont de l\u2019avant-premi\u00e8re mondiale.<\/td>\n<\/tr>\n<\/table>\n<p>L\u2019article <a rel=\"nofollow\" href=\"https:\/\/www.automobile-propre.com\/breves\/volkswagen-id-4-premieres-photos-en-fuite-avant-la-presentation\/\">Volkswagen ID.4 : premi\u00e8res photos en fuite avant la pr\u00e9sentation<\/a> est apparu en premier sur <a rel=\"nofollow\" href=\"https:\/\/www.automobile-propre.com\">Automobile Propre<\/a>.<\/p>\n<p>  <a class=\"continue-reading-link\" href=\"https:\/\/www.evearly.news\/fr\/volkswagen-id-4-premieres-photos-en-fuite-avant-la-presentation\/\"><\/a><\/p>\n","protected":false},"author":8,"featured_media":0,"comment_status":"closed","ping_status":"closed","sticky":false,"template":"","format":"standard","meta":{"footnotes":""},"categories":[8],"tags":[],"class_list":["post-66441","post","type-post","status-publish","format-standard","hentry","category-automobile-propre"],"_links":{"self":[{"href":"https:\/\/www.evearly.news\/fr\/wp-json\/wp\/v2\/posts\/66441","targetHints":{"allow":["GET"]}}],"collection":[{"href":"https:\/\/www.evearly.news\/fr\/wp-json\/wp\/v2\/posts"}],"about":[{"href":"https:\/\/www.evearly.news\/fr\/wp-json\/wp\/v2\/types\/post"}],"author":[{"embeddable":true,"href":"https:\/\/www.evearly.news\/fr\/wp-json\/wp\/v2\/users\/8"}],"replies":[{"embeddable":true,"href":"https:\/\/www.evearly.news\/fr\/wp-json\/wp\/v2\/comments?post=66441"}],"version-history":[{"count":0,"href":"https:\/\/www.evearly.news\/fr\/wp-json\/wp\/v2\/posts\/66441\/revisions"}],"wp:attachment":[{"href":"https:\/\/www.evearly.news\/fr\/wp-json\/wp\/v2\/media?parent=66441"}],"wp:term":[{"taxonomy":"category","embeddable":true,"href":"https:\/\/www.evearly.news\/fr\/wp-json\/wp\/v2\/categories?post=66441"},{"taxonomy":"post_tag","embeddable":true,"href":"https:\/\/www.evearly.news\/fr\/wp-json\/wp\/v2\/tags?post=66441"}],"curies":[{"name":"wp","href":"https:\/\/api.w.org\/{rel}","templated":true}]}}