{"id":66443,"date":"2020-09-23T15:55:24","date_gmt":"2020-09-23T13:55:24","guid":{"rendered":"https:\/\/www.automobile-propre.com\/?post_type=breves&amp;p=97907"},"modified":"2020-09-23T15:55:24","modified_gmt":"2020-09-23T13:55:24","slug":"des-peugeot-208-electriques-pour-free2move","status":"publish","type":"post","link":"https:\/\/www.evearly.news\/fr\/des-peugeot-208-electriques-pour-free2move\/","title":{"rendered":"Des Peugeot 208 \u00e9lectriques pour Free2Move"},"content":{"rendered":"<p><img decoding=\"async\" src=\"https:\/\/www.automobile-propre.com\/wp-content\/uploads\/2020\/09\/free2move-peugeot-e-208-1200x800.jpg\" \/>Free2Move est une filiale du groupe PSA, et il n\u2019est donc pas anormal de voir la nouvelle petite Peugeot rejoindre la flotte dans sa version \u2018z\u00e9ro \u00e9mission\u2019. Les e-208 madril\u00e8nes pourront \u00eatre lou\u00e9es \u00e0 la journ\u00e9e, \u00e0 l\u2019heure, voire \u00e0 la minute, pour se d\u00e9placer dans la capitale espagnole, comme il est possible de faire sur l\u2019ensemble du r\u00e9seau Free2Move, pr\u00e9sent dans plus de 170 pays. <a style=\"font-size: inherit\" href=\"https:\/\/www.automobile-propre.com\/breves\/des-peugeot-208-electriques-pour-free2move\/\" target=\"_blank\" rel=\"noopener noreferrer\">Lire la suite&#8230;<\/a><\/p>\n","protected":false},"excerpt":{"rendered":"<table>\n<tr>\n<td style=\"width:210px\"><a href=\"https:\/\/www.automobile-propre.com\/breves\/des-peugeot-208-electriques-pour-free2move\/\"><img loading=\"lazy\" decoding=\"async\" width=\"186\" height=\"124\" src=\"https:\/\/news.evearly.com\/wp-content\/uploads\/2020\/09\/des-peugeot-208-electriques-pour-free2move.jpg\" class=\"attachment-186x124 size-186x124 wp-post-image\" alt=\"\" \/><\/td>\n<td style=\"vertical-align:top\">La Peugeot e-208 a \u00e9t\u00e9 pl\u00e9biscit\u00e9e par l\u2019entreprise Free2Move, g\u00e9ant de l\u2019autopartage, qui a acquis 200 exemplaires de la citadine \u00e9lectrique au Lion pour son parc automobile de Madrid.<\/td>\n<\/tr>\n<\/table>\n<p>L\u2019article <a rel=\"nofollow\" href=\"https:\/\/www.automobile-propre.com\/breves\/des-peugeot-208-electriques-pour-free2move\/\">Des Peugeot 208 \u00e9lectriques pour Free2Move<\/a> est apparu en premier sur <a rel=\"nofollow\" href=\"https:\/\/www.automobile-propre.com\">Automobile Propre<\/a>.<\/p>\n<p>  <a class=\"continue-reading-link\" href=\"https:\/\/www.evearly.news\/fr\/des-peugeot-208-electriques-pour-free2move\/\"><\/a><\/p>\n","protected":false},"author":8,"featured_media":0,"comment_status":"closed","ping_status":"closed","sticky":false,"template":"","format":"standard","meta":{"footnotes":""},"categories":[8],"tags":[],"class_list":["post-66443","post","type-post","status-publish","format-standard","hentry","category-automobile-propre"],"_links":{"self":[{"href":"https:\/\/www.evearly.news\/fr\/wp-json\/wp\/v2\/posts\/66443","targetHints":{"allow":["GET"]}}],"collection":[{"href":"https:\/\/www.evearly.news\/fr\/wp-json\/wp\/v2\/posts"}],"about":[{"href":"https:\/\/www.evearly.news\/fr\/wp-json\/wp\/v2\/types\/post"}],"author":[{"embeddable":true,"href":"https:\/\/www.evearly.news\/fr\/wp-json\/wp\/v2\/users\/8"}],"replies":[{"embeddable":true,"href":"https:\/\/www.evearly.news\/fr\/wp-json\/wp\/v2\/comments?post=66443"}],"version-history":[{"count":0,"href":"https:\/\/www.evearly.news\/fr\/wp-json\/wp\/v2\/posts\/66443\/revisions"}],"wp:attachment":[{"href":"https:\/\/www.evearly.news\/fr\/wp-json\/wp\/v2\/media?parent=66443"}],"wp:term":[{"taxonomy":"category","embeddable":true,"href":"https:\/\/www.evearly.news\/fr\/wp-json\/wp\/v2\/categories?post=66443"},{"taxonomy":"post_tag","embeddable":true,"href":"https:\/\/www.evearly.news\/fr\/wp-json\/wp\/v2\/tags?post=66443"}],"curies":[{"name":"wp","href":"https:\/\/api.w.org\/{rel}","templated":true}]}}