{"id":66457,"date":"2020-09-23T18:02:53","date_gmt":"2020-09-23T16:02:53","guid":{"rendered":"https:\/\/www.automobile-propre.com\/?p=97934"},"modified":"2020-09-23T18:02:53","modified_gmt":"2020-09-23T16:02:53","slug":"volkswagen-id4-le-nouveau-suv-electrique-a-grande-autonomie-en-details","status":"publish","type":"post","link":"https:\/\/www.evearly.news\/fr\/volkswagen-id4-le-nouveau-suv-electrique-a-grande-autonomie-en-details\/","title":{"rendered":"Volkswagen ID4 : le nouveau SUV \u00e9lectrique \u00e0 grande autonomie en d\u00e9tails"},"content":{"rendered":"<p><img loading=\"lazy\" decoding=\"async\" class=\"alignnone size-full wp-image-97942\" src=\"https:\/\/news.evearly.com\/wp-content\/uploads\/2020\/09\/volkswagen-id4-le-nouveau-suv-electrique-a-grande-autonomie-en-details.jpg\" alt=\"\" width=\"1920\" height=\"1280\" \/><\/p>\n<p>Suite logique de l\u2019ID.3, le d\u00e9riv\u00e9 SUV ID.4 gonfle l\u2019offre \u00e9lectrique de Volkswagen avec ses 4,58 m\u00e8tres de long et surtout une large autonomie, du moins dans sa version de lancement 1st attendue au printemps 2021. <a href=\"https:\/\/www.automobile-propre.com\/volkswagen-id4-le-nouveau-suv-electrique-a-grande-autonomie-en-details\/\" target=\"_blank\" rel=\"noopener noreferrer\">Lire la suite&#8230;<\/a><\/p>\n","protected":false},"excerpt":{"rendered":"<table>\n<tr>\n<td style=\"width:210px\"><a href=\"https:\/\/www.automobile-propre.com\/volkswagen-id4-le-nouveau-suv-electrique-a-grande-autonomie-en-details\/\"><img loading=\"lazy\" decoding=\"async\" width=\"186\" height=\"124\" src=\"https:\/\/news.evearly.com\/wp-content\/uploads\/2020\/09\/volkswagen-id4-le-nouveau-suv-electrique-a-grande-autonomie-en-details-26.jpg\" class=\"attachment-186x124 size-186x124 wp-post-image\" alt=\"\" \/><\/td>\n<td style=\"vertical-align:top\">Suite logique de l\u2019ID.3, le d\u00e9riv\u00e9 SUV ID.4 gonfle l\u2019offre \u00e9lectrique de Volkswagen avec ses 4,58 m\u00e8tres de long et surtout une large autonomie, du moins dans sa version de lancement 1st arrivant au printemps 2021.<\/td>\n<\/tr>\n<\/table>\n<p>L\u2019article <a rel=\"nofollow\" href=\"https:\/\/www.automobile-propre.com\/volkswagen-id4-le-nouveau-suv-electrique-a-grande-autonomie-en-details\/\">Volkswagen ID4 : le nouveau SUV \u00e9lectrique \u00e0 grande autonomie en d\u00e9tails<\/a> est apparu en premier sur <a rel=\"nofollow\" href=\"https:\/\/www.automobile-propre.com\">Automobile Propre<\/a>.<\/p>\n<p>  <a class=\"continue-reading-link\" href=\"https:\/\/www.evearly.news\/fr\/volkswagen-id4-le-nouveau-suv-electrique-a-grande-autonomie-en-details\/\"><\/a><\/p>\n","protected":false},"author":8,"featured_media":0,"comment_status":"closed","ping_status":"closed","sticky":false,"template":"","format":"standard","meta":{"footnotes":""},"categories":[8],"tags":[],"class_list":["post-66457","post","type-post","status-publish","format-standard","hentry","category-automobile-propre"],"_links":{"self":[{"href":"https:\/\/www.evearly.news\/fr\/wp-json\/wp\/v2\/posts\/66457","targetHints":{"allow":["GET"]}}],"collection":[{"href":"https:\/\/www.evearly.news\/fr\/wp-json\/wp\/v2\/posts"}],"about":[{"href":"https:\/\/www.evearly.news\/fr\/wp-json\/wp\/v2\/types\/post"}],"author":[{"embeddable":true,"href":"https:\/\/www.evearly.news\/fr\/wp-json\/wp\/v2\/users\/8"}],"replies":[{"embeddable":true,"href":"https:\/\/www.evearly.news\/fr\/wp-json\/wp\/v2\/comments?post=66457"}],"version-history":[{"count":0,"href":"https:\/\/www.evearly.news\/fr\/wp-json\/wp\/v2\/posts\/66457\/revisions"}],"wp:attachment":[{"href":"https:\/\/www.evearly.news\/fr\/wp-json\/wp\/v2\/media?parent=66457"}],"wp:term":[{"taxonomy":"category","embeddable":true,"href":"https:\/\/www.evearly.news\/fr\/wp-json\/wp\/v2\/categories?post=66457"},{"taxonomy":"post_tag","embeddable":true,"href":"https:\/\/www.evearly.news\/fr\/wp-json\/wp\/v2\/tags?post=66457"}],"curies":[{"name":"wp","href":"https:\/\/api.w.org\/{rel}","templated":true}]}}