{"id":66464,"date":"2020-09-23T17:05:05","date_gmt":"2020-09-23T15:05:05","guid":{"rendered":"https:\/\/www.frandroid.com\/?p=770991"},"modified":"2023-08-19T04:20:40","modified_gmt":"2023-08-19T04:20:40","slug":"tesla-model-s-plaid-vs-lucid-air-dream-edition-le-grand-duel-des-berlines-electriques-premium","status":"publish","type":"post","link":"https:\/\/www.evearly.news\/fr\/tesla-model-s-plaid-vs-lucid-air-dream-edition-le-grand-duel-des-berlines-electriques-premium\/","title":{"rendered":"Tesla Model S Plaid vs Lucid Air Dream Edition : le grand duel des berlines \u00e9lectriques premium"},"content":{"rendered":"<div><img decoding=\"async\" src=\"https:\/\/images.frandroid.com\/wp-content\/uploads\/2020\/09\/model-s-lucid-air-1-1200x583.jpg\" alt=\"Un match qui d\u00e9bute avant l\u2019heure\" \/><\/div>\n\n\n<p>Si Lucid Motors avait frapp\u00e9 fort en d\u00e9voilant sa Lucid Air Dream Edition, son concurrent Tesla a rapidement r\u00e9pliqu\u00e9 avec une nouvelle version de la Model S encore plus puissante. Laquelle de ces deux berlines \u00e9lectrique se d\u00e9marque la plus de l\u2019autre ? <a href=\"https:\/\/www.frandroid.com\/marques\/tesla\/770991_tesla-model-s-plaid-vs-lucid-air-dream-edition-le-grand-duel-des-berlines-electriques-premium\" target=\"_blank\" rel=\"noreferrer noopener\">Lire la suite&#8230;<\/a><\/p>\n","protected":false},"excerpt":{"rendered":"<p>&#8230; <a class=\"continue-reading-link\" href=\"https:\/\/www.evearly.news\/fr\/tesla-model-s-plaid-vs-lucid-air-dream-edition-le-grand-duel-des-berlines-electriques-premium\/\"><\/a><\/p>\n","protected":false},"author":6,"featured_media":0,"comment_status":"closed","ping_status":"closed","sticky":false,"template":"","format":"standard","meta":{"footnotes":""},"categories":[14],"tags":[],"class_list":["post-66464","post","type-post","status-publish","format-standard","hentry","category-frandroid"],"_links":{"self":[{"href":"https:\/\/www.evearly.news\/fr\/wp-json\/wp\/v2\/posts\/66464","targetHints":{"allow":["GET"]}}],"collection":[{"href":"https:\/\/www.evearly.news\/fr\/wp-json\/wp\/v2\/posts"}],"about":[{"href":"https:\/\/www.evearly.news\/fr\/wp-json\/wp\/v2\/types\/post"}],"author":[{"embeddable":true,"href":"https:\/\/www.evearly.news\/fr\/wp-json\/wp\/v2\/users\/6"}],"replies":[{"embeddable":true,"href":"https:\/\/www.evearly.news\/fr\/wp-json\/wp\/v2\/comments?post=66464"}],"version-history":[{"count":1,"href":"https:\/\/www.evearly.news\/fr\/wp-json\/wp\/v2\/posts\/66464\/revisions"}],"predecessor-version":[{"id":260166,"href":"https:\/\/www.evearly.news\/fr\/wp-json\/wp\/v2\/posts\/66464\/revisions\/260166"}],"wp:attachment":[{"href":"https:\/\/www.evearly.news\/fr\/wp-json\/wp\/v2\/media?parent=66464"}],"wp:term":[{"taxonomy":"category","embeddable":true,"href":"https:\/\/www.evearly.news\/fr\/wp-json\/wp\/v2\/categories?post=66464"},{"taxonomy":"post_tag","embeddable":true,"href":"https:\/\/www.evearly.news\/fr\/wp-json\/wp\/v2\/tags?post=66464"}],"curies":[{"name":"wp","href":"https:\/\/api.w.org\/{rel}","templated":true}]}}