{"id":66531,"date":"2020-09-23T18:00:00","date_gmt":"2020-09-23T16:00:00","guid":{"rendered":"https:\/\/www.caradisiac.com\/volkswagen-leve-le-voile-sur-l-id-4-la-seconde-de-la-famille-185389.htm#xtor=RSS-40"},"modified":"2020-09-23T18:00:00","modified_gmt":"2020-09-23T16:00:00","slug":"volkswagen-leve-le-voile-sur-lid-4-la-seconde-de-la-famille","status":"publish","type":"post","link":"https:\/\/www.evearly.news\/fr\/volkswagen-leve-le-voile-sur-lid-4-la-seconde-de-la-famille\/","title":{"rendered":"Volkswagen l\u00e8ve le voile sur l&rsquo;ID 4, la seconde de la famille"},"content":{"rendered":"<p><img decoding=\"async\" src=\"https:\/\/news.evearly.com\/wp-content\/uploads\/2020\/09\/volkswagen-leve-le-voile-sur-lid-4-la-seconde-de-la-famille.jpg\" \/> Le premier SUV 100 % \u00e9lectrique de Volkswagen est l\u00e0. Au lancement, le constructeur allemand refait le coup des \u00e9ditions \u00ab\u00a01ST\u00a0\u00bb, mais cette fois avec des batteries de 77 kWh. Les tarifs d\u00e9butent \u00e0 49\u00a0950\u00a0\u20ac en Allemagne. <a href=\"https:\/\/www.caradisiac.com\/volkswagen-leve-le-voile-sur-l-id-4-la-seconde-de-la-famille-185389.htm#xtor=RSS-40\" target=\"_blank\" rel=\"noopener noreferrer\">Lire la suite&#8230;<\/a><\/p>\n","protected":false},"excerpt":{"rendered":"<p><img decoding=\"async\" src=\"https:\/\/news.evearly.com\/wp-content\/uploads\/2020\/09\/volkswagen-leve-le-voile-sur-lid-4-la-seconde-de-la-famille.jpg\" \/> Le premier SUV 100 % \u00e9lectrique de Volkswagen est l\u00e0. Au lancement, le constructeur allemand refait le coup des \u00e9ditions \u00ab\u00a01ST\u00a0\u00bb, mais cette fois avec des batteries de 77 kWh. Les tarifs d\u00e9butent \u00e0 49\u00a0950\u00a0\u20ac en Allemagne.  <a class=\"continue-reading-link\" href=\"https:\/\/www.evearly.news\/fr\/volkswagen-leve-le-voile-sur-lid-4-la-seconde-de-la-famille\/\"><\/a><\/p>\n","protected":false},"author":11,"featured_media":0,"comment_status":"closed","ping_status":"closed","sticky":false,"template":"","format":"standard","meta":{"footnotes":""},"categories":[11],"tags":[],"class_list":["post-66531","post","type-post","status-publish","format-standard","hentry","category-caradisiac"],"_links":{"self":[{"href":"https:\/\/www.evearly.news\/fr\/wp-json\/wp\/v2\/posts\/66531","targetHints":{"allow":["GET"]}}],"collection":[{"href":"https:\/\/www.evearly.news\/fr\/wp-json\/wp\/v2\/posts"}],"about":[{"href":"https:\/\/www.evearly.news\/fr\/wp-json\/wp\/v2\/types\/post"}],"author":[{"embeddable":true,"href":"https:\/\/www.evearly.news\/fr\/wp-json\/wp\/v2\/users\/11"}],"replies":[{"embeddable":true,"href":"https:\/\/www.evearly.news\/fr\/wp-json\/wp\/v2\/comments?post=66531"}],"version-history":[{"count":0,"href":"https:\/\/www.evearly.news\/fr\/wp-json\/wp\/v2\/posts\/66531\/revisions"}],"wp:attachment":[{"href":"https:\/\/www.evearly.news\/fr\/wp-json\/wp\/v2\/media?parent=66531"}],"wp:term":[{"taxonomy":"category","embeddable":true,"href":"https:\/\/www.evearly.news\/fr\/wp-json\/wp\/v2\/categories?post=66531"},{"taxonomy":"post_tag","embeddable":true,"href":"https:\/\/www.evearly.news\/fr\/wp-json\/wp\/v2\/tags?post=66531"}],"curies":[{"name":"wp","href":"https:\/\/api.w.org\/{rel}","templated":true}]}}