{"id":66725,"date":"2020-09-23T18:25:16","date_gmt":"2020-09-23T16:25:16","guid":{"rendered":"https:\/\/www.frandroid.com\/?p=771601"},"modified":"2023-08-19T04:20:39","modified_gmt":"2023-08-19T04:20:39","slug":"volkswagen-id-4-officialise-un-suv-compact-avec-plus-de-500-km-dautonomie","status":"publish","type":"post","link":"https:\/\/www.evearly.news\/fr\/volkswagen-id-4-officialise-un-suv-compact-avec-plus-de-500-km-dautonomie\/","title":{"rendered":"Volkswagen ID.4 officialis\u00e9 : un SUV compact avec plus de 500 km d\u2019autonomie"},"content":{"rendered":"<p class=\"chapo\">Le g\u00e9ant allemand Volkswagen a officiellement introduit son nouveau SUV compact \u00e9lectrique r\u00e9pondant au nom d\u2019ID.4. Bas\u00e9 sur la plateforme MEB, l\u2019engin revendique une autonomie d\u00e9cente de 520 kilom\u00e8tres. <a href=\"https:\/\/www.frandroid.com\/marques\/volkswagen\/771601_volkswagen-id-4-officialise-un-suv-compact-avec-plus-de-500-km-dautonomie\" target=\"_blank\" rel=\"noopener noreferrer\">Lire la suite&#8230;<\/a><\/p>\n<div id=\"attachment_771604\" class=\"wp-caption aligncenter\"><a href=\"https:\/\/images.frandroid.com\/wp-content\/uploads\/2020\/09\/db2020au01596_medium.jpg\" target=\"_blank\" rel=\"noopener noreferrer\"><img loading=\"lazy\" decoding=\"async\" class=\"size-large wp-image-771604\" src=\"https:\/\/news.evearly.com\/wp-content\/uploads\/2020\/09\/volkswagen-id-4-officialise-un-suv-compact-avec-plus-de-500-km-dautonomie.jpg\" alt=\"Volkswagen ID.4\" width=\"1200\" height=\"667\" aria-describedby=\"caption-attachment-771604\" \/><\/a><\/div>\n","protected":false},"excerpt":{"rendered":"<p>&#8230; <a class=\"continue-reading-link\" href=\"https:\/\/www.evearly.news\/fr\/volkswagen-id-4-officialise-un-suv-compact-avec-plus-de-500-km-dautonomie\/\"><\/a><\/p>\n","protected":false},"author":6,"featured_media":0,"comment_status":"closed","ping_status":"closed","sticky":false,"template":"","format":"standard","meta":{"footnotes":""},"categories":[14],"tags":[],"class_list":["post-66725","post","type-post","status-publish","format-standard","hentry","category-frandroid"],"_links":{"self":[{"href":"https:\/\/www.evearly.news\/fr\/wp-json\/wp\/v2\/posts\/66725","targetHints":{"allow":["GET"]}}],"collection":[{"href":"https:\/\/www.evearly.news\/fr\/wp-json\/wp\/v2\/posts"}],"about":[{"href":"https:\/\/www.evearly.news\/fr\/wp-json\/wp\/v2\/types\/post"}],"author":[{"embeddable":true,"href":"https:\/\/www.evearly.news\/fr\/wp-json\/wp\/v2\/users\/6"}],"replies":[{"embeddable":true,"href":"https:\/\/www.evearly.news\/fr\/wp-json\/wp\/v2\/comments?post=66725"}],"version-history":[{"count":1,"href":"https:\/\/www.evearly.news\/fr\/wp-json\/wp\/v2\/posts\/66725\/revisions"}],"predecessor-version":[{"id":260165,"href":"https:\/\/www.evearly.news\/fr\/wp-json\/wp\/v2\/posts\/66725\/revisions\/260165"}],"wp:attachment":[{"href":"https:\/\/www.evearly.news\/fr\/wp-json\/wp\/v2\/media?parent=66725"}],"wp:term":[{"taxonomy":"category","embeddable":true,"href":"https:\/\/www.evearly.news\/fr\/wp-json\/wp\/v2\/categories?post=66725"},{"taxonomy":"post_tag","embeddable":true,"href":"https:\/\/www.evearly.news\/fr\/wp-json\/wp\/v2\/tags?post=66725"}],"curies":[{"name":"wp","href":"https:\/\/api.w.org\/{rel}","templated":true}]}}