{"id":73244,"date":"2020-10-24T11:26:24","date_gmt":"2020-10-24T09:26:24","guid":{"rendered":"https:\/\/www.automobile-propre.com\/?p=99939"},"modified":"2020-10-24T11:26:24","modified_gmt":"2020-10-24T09:26:24","slug":"fiat-500-electrique-les-prix-et-la-gamme-en-details","status":"publish","type":"post","link":"https:\/\/www.evearly.news\/fr\/fiat-500-electrique-les-prix-et-la-gamme-en-details\/","title":{"rendered":"Fiat 500 \u00e9lectrique : les prix et la gamme en d\u00e9tails"},"content":{"rendered":"<p><img loading=\"lazy\" decoding=\"async\" class=\"alignnone size-full wp-image-99889\" src=\"https:\/\/news.evearly.com\/wp-content\/uploads\/2020\/10\/fiat-500-electrique-les-prix-et-la-gamme-en-details.jpg\" alt=\"\" width=\"1920\" height=\"1281\" \/>Auparavant limit\u00e9es \u00e0 quelques \u00e9ditions de lancement, la Fiat 500 e se d\u00e9cline enfin dans une gamme plus compl\u00e8te. Au programme : 4 finitions, deux configurations techniques et trois carrosseries\u00a0 qui permettent \u00e0 la petite italienne de s\u2019attaquer autant \u00e0 la Twingo ZE qu\u2019\u00e0 la plus bourgeoise Mini \u00e9lectrique. <a style=\"font-size: inherit\" href=\"https:\/\/www.automobile-propre.com\/fiat-500-electrique-les-prix-et-la-gamme-en-details\/\" target=\"_blank\" rel=\"noopener noreferrer\">Lire la suite&#8230;<\/a><\/p>\n","protected":false},"excerpt":{"rendered":"<table>\n<tr>\n<td style=\"width:210px\"><a href=\"https:\/\/www.automobile-propre.com\/fiat-500-electrique-les-prix-et-la-gamme-en-details\/\"><img loading=\"lazy\" decoding=\"async\" width=\"186\" height=\"124\" src=\"https:\/\/news.evearly.com\/wp-content\/uploads\/2020\/10\/fiat-500-electrique-les-prix-et-la-gamme-en-details-5.jpg\" class=\"attachment-186x124 size-186x124 wp-post-image\" alt=\"\" \/><\/td>\n<td style=\"vertical-align:top\">Auparavant limit\u00e9es \u00e0 quelques \u00e9ditions de lancement, la Fiat 500 e se d\u00e9cline enfin dans une gamme plus compl\u00e8te. Au programme : 4 finitions, deux configurations techniques et trois carrosseries\u00a0 qui permettent \u00e0 la petite italienne de s&rsquo;attaquer autant \u00e0 la Twingo ZE qu&rsquo;\u00e0 la plus bourgeoise Mini \u00e9lectrique.<\/td>\n<\/tr>\n<\/table>\n<p>L\u2019article <a rel=\"nofollow\" href=\"https:\/\/www.automobile-propre.com\/fiat-500-electrique-les-prix-et-la-gamme-en-details\/\">Fiat 500 \u00e9lectrique : les prix et la gamme en d\u00e9tails<\/a> est apparu en premier sur <a rel=\"nofollow\" href=\"https:\/\/www.automobile-propre.com\">Automobile Propre<\/a>.<\/p>\n<p>  <a class=\"continue-reading-link\" href=\"https:\/\/www.evearly.news\/fr\/fiat-500-electrique-les-prix-et-la-gamme-en-details\/\"><\/a><\/p>\n","protected":false},"author":8,"featured_media":0,"comment_status":"closed","ping_status":"closed","sticky":false,"template":"","format":"standard","meta":{"footnotes":""},"categories":[8],"tags":[],"class_list":["post-73244","post","type-post","status-publish","format-standard","hentry","category-automobile-propre"],"_links":{"self":[{"href":"https:\/\/www.evearly.news\/fr\/wp-json\/wp\/v2\/posts\/73244","targetHints":{"allow":["GET"]}}],"collection":[{"href":"https:\/\/www.evearly.news\/fr\/wp-json\/wp\/v2\/posts"}],"about":[{"href":"https:\/\/www.evearly.news\/fr\/wp-json\/wp\/v2\/types\/post"}],"author":[{"embeddable":true,"href":"https:\/\/www.evearly.news\/fr\/wp-json\/wp\/v2\/users\/8"}],"replies":[{"embeddable":true,"href":"https:\/\/www.evearly.news\/fr\/wp-json\/wp\/v2\/comments?post=73244"}],"version-history":[{"count":0,"href":"https:\/\/www.evearly.news\/fr\/wp-json\/wp\/v2\/posts\/73244\/revisions"}],"wp:attachment":[{"href":"https:\/\/www.evearly.news\/fr\/wp-json\/wp\/v2\/media?parent=73244"}],"wp:term":[{"taxonomy":"category","embeddable":true,"href":"https:\/\/www.evearly.news\/fr\/wp-json\/wp\/v2\/categories?post=73244"},{"taxonomy":"post_tag","embeddable":true,"href":"https:\/\/www.evearly.news\/fr\/wp-json\/wp\/v2\/tags?post=73244"}],"curies":[{"name":"wp","href":"https:\/\/api.w.org\/{rel}","templated":true}]}}