{"id":73305,"date":"2020-10-24T12:30:00","date_gmt":"2020-10-24T10:30:00","guid":{"rendered":"https:\/\/www.caradisiac.com\/les-7-citadines-electriques-du-salon-de-l-auto-caradisiac-quel-modele-choisir-185072.htm#xtor=RSS-40"},"modified":"2020-10-24T12:30:00","modified_gmt":"2020-10-24T10:30:00","slug":"les-7-citadines-electriques-du-salon-de-lauto-caradisiac-quel-modele-choisir","status":"publish","type":"post","link":"https:\/\/www.evearly.news\/fr\/les-7-citadines-electriques-du-salon-de-lauto-caradisiac-quel-modele-choisir\/","title":{"rendered":"Les 7 citadines \u00e9lectriques du salon de l&rsquo;auto Caradisiac &#8211; Quel mod\u00e8le choisir ?"},"content":{"rendered":"<p><img decoding=\"async\" src=\"https:\/\/images.caradisiac.com\/images\/5\/0\/7\/2\/185072\/S1-les-8-citadines-electriques-du-salon-de-l-auto-caradisiac-quel-modele-choisir-645741.jpg\" alt=\"Les 7 citadines \u00e9lectriques du salon de l'auto Caradisiac - Quel mod\u00e8le choisir ?\" \/>Pour son tout premier salon qui a lieu dans un monument historique, un hangar \u00e0 ballons dirigeables plus que centenaire situ\u00e9 \u00e0 Ecausseville, dans la Manche, Caradisiac expose pas moins de 8 citadines \u00e9lectriques. Longtemps boud\u00e9 faute d&rsquo;offre, ce segment attire dor\u00e9navant de nombreux automobilistes tant les aides \u00e0 l&rsquo;achat sont nombreuses et le choix est d\u00e9sormais tr\u00e8s fournie. <a href=\"https:\/\/www.caradisiac.com\/les-7-citadines-electriques-du-salon-de-l-auto-caradisiac-quel-modele-choisir-185072.htm#xtor=RSS-40\" target=\"_blank\" rel=\"noopener noreferrer\">Lire la suite&#8230;<\/a><\/p>\n","protected":false},"excerpt":{"rendered":"<p><img decoding=\"async\" src=\"https:\/\/news.evearly.com\/wp-content\/uploads\/2020\/10\/les-7-citadines-electriques-du-salon-de-lauto-caradisiac-quel-modele-choisir.jpg\" \/> Pour son tout premier salon qui a lieu dans un monument historique, un hangar \u00e0 ballons dirigeables plus que centenaire situ\u00e9 \u00e0 Ecausseville, dans la Manche, Caradisiac expose pas moins de 8 citadines \u00e9lectriques. Longtemps boud\u00e9 faute d&rsquo;offre, ce segment attire dor\u00e9navant de nombreux automobilistes tant les aides \u00e0 l&rsquo;achat sont nombreuses et le choix est d\u00e9sormais tr\u00e8s fournie. Mais faut-il attendre quelques mois et acheter les derniers mod\u00e8les, pr\u00e9ferer leurs g\u00e9n\u00e9rations actuelles ou assurer le coup en choisissant d&rsquo;autres mod\u00e8les plus anciens ? Les r\u00e9ponses de nos experts.  <a class=\"continue-reading-link\" href=\"https:\/\/www.evearly.news\/fr\/les-7-citadines-electriques-du-salon-de-lauto-caradisiac-quel-modele-choisir\/\"><\/a><\/p>\n","protected":false},"author":11,"featured_media":0,"comment_status":"closed","ping_status":"closed","sticky":false,"template":"","format":"standard","meta":{"footnotes":""},"categories":[11],"tags":[],"class_list":["post-73305","post","type-post","status-publish","format-standard","hentry","category-caradisiac"],"_links":{"self":[{"href":"https:\/\/www.evearly.news\/fr\/wp-json\/wp\/v2\/posts\/73305","targetHints":{"allow":["GET"]}}],"collection":[{"href":"https:\/\/www.evearly.news\/fr\/wp-json\/wp\/v2\/posts"}],"about":[{"href":"https:\/\/www.evearly.news\/fr\/wp-json\/wp\/v2\/types\/post"}],"author":[{"embeddable":true,"href":"https:\/\/www.evearly.news\/fr\/wp-json\/wp\/v2\/users\/11"}],"replies":[{"embeddable":true,"href":"https:\/\/www.evearly.news\/fr\/wp-json\/wp\/v2\/comments?post=73305"}],"version-history":[{"count":0,"href":"https:\/\/www.evearly.news\/fr\/wp-json\/wp\/v2\/posts\/73305\/revisions"}],"wp:attachment":[{"href":"https:\/\/www.evearly.news\/fr\/wp-json\/wp\/v2\/media?parent=73305"}],"wp:term":[{"taxonomy":"category","embeddable":true,"href":"https:\/\/www.evearly.news\/fr\/wp-json\/wp\/v2\/categories?post=73305"},{"taxonomy":"post_tag","embeddable":true,"href":"https:\/\/www.evearly.news\/fr\/wp-json\/wp\/v2\/tags?post=73305"}],"curies":[{"name":"wp","href":"https:\/\/api.w.org\/{rel}","templated":true}]}}