{"id":75722,"date":"2020-11-02T17:30:00","date_gmt":"2020-11-02T16:30:00","guid":{"rendered":"https:\/\/www.clubic.com\/transport-electrique\/actualite-19565-ford-recoit-l-aide-de-volvo-et-polestar-pour-tenir-ses-objectifs-d-emissions-de-co2.html"},"modified":"2020-11-02T17:30:00","modified_gmt":"2020-11-02T16:30:00","slug":"ford-recoit-laide-de-volvo-et-polestar-pour-tenir-ses-objectifs-demissions-de-co2","status":"publish","type":"post","link":"https:\/\/www.evearly.news\/fr\/ford-recoit-laide-de-volvo-et-polestar-pour-tenir-ses-objectifs-demissions-de-co2\/","title":{"rendered":"Ford re\u00e7oit l&rsquo;aide de Volvo et Polestar pour tenir ses objectifs d&rsquo;\u00e9missions de CO2"},"content":{"rendered":"<p><img decoding=\"async\" src=\"https:\/\/pic.clubic.com\/v1\/images\/1796155\/raw\">Volvo a annonc\u00e9 que les objectifs d&rsquo;\u00e9missions de CO2 \u00e9taient largement atteints pour l&rsquo;ensemble qu&rsquo;il forme avec sa filiale Polestar, et offrira ce cr\u00e9dit \u00e9cologique \u00e0 Ford, qui cherchait un partenaire en ce sens. <a href=\"https:\/\/www.clubic.com\/transport-electrique\/actualite-19565-ford-recoit-l-aide-de-volvo-et-polestar-pour-tenir-ses-objectifs-d-emissions-de-co2.html\" target=\"_blank\" rel=\"noopener noreferrer\">Lire la suite&#8230;<\/a><\/p>\n","protected":false},"excerpt":{"rendered":"<p>&#8230; <a class=\"continue-reading-link\" href=\"https:\/\/www.evearly.news\/fr\/ford-recoit-laide-de-volvo-et-polestar-pour-tenir-ses-objectifs-demissions-de-co2\/\"><\/a><\/p>\n","protected":false},"author":12,"featured_media":0,"comment_status":"closed","ping_status":"closed","sticky":false,"template":"","format":"standard","meta":{"footnotes":""},"categories":[12],"tags":[],"class_list":["post-75722","post","type-post","status-publish","format-standard","hentry","category-clubic"],"_links":{"self":[{"href":"https:\/\/www.evearly.news\/fr\/wp-json\/wp\/v2\/posts\/75722","targetHints":{"allow":["GET"]}}],"collection":[{"href":"https:\/\/www.evearly.news\/fr\/wp-json\/wp\/v2\/posts"}],"about":[{"href":"https:\/\/www.evearly.news\/fr\/wp-json\/wp\/v2\/types\/post"}],"author":[{"embeddable":true,"href":"https:\/\/www.evearly.news\/fr\/wp-json\/wp\/v2\/users\/12"}],"replies":[{"embeddable":true,"href":"https:\/\/www.evearly.news\/fr\/wp-json\/wp\/v2\/comments?post=75722"}],"version-history":[{"count":0,"href":"https:\/\/www.evearly.news\/fr\/wp-json\/wp\/v2\/posts\/75722\/revisions"}],"wp:attachment":[{"href":"https:\/\/www.evearly.news\/fr\/wp-json\/wp\/v2\/media?parent=75722"}],"wp:term":[{"taxonomy":"category","embeddable":true,"href":"https:\/\/www.evearly.news\/fr\/wp-json\/wp\/v2\/categories?post=75722"},{"taxonomy":"post_tag","embeddable":true,"href":"https:\/\/www.evearly.news\/fr\/wp-json\/wp\/v2\/tags?post=75722"}],"curies":[{"name":"wp","href":"https:\/\/api.w.org\/{rel}","templated":true}]}}