{"id":75724,"date":"2020-11-02T17:57:40","date_gmt":"2020-11-02T16:57:40","guid":{"rendered":"https:\/\/www.automobile-propre.com\/?post_type=breves&amp;p=100632"},"modified":"2020-11-02T17:57:40","modified_gmt":"2020-11-02T16:57:40","slug":"co2-honda-va-profiter-des-credits-tesla","status":"publish","type":"post","link":"https:\/\/www.evearly.news\/fr\/co2-honda-va-profiter-des-credits-tesla\/","title":{"rendered":"CO2 : Honda va profiter des cr\u00e9dits Tesla"},"content":{"rendered":"<p><img loading=\"lazy\" decoding=\"async\" class=\"attachment-medium size-medium wp-post-image lazyloaded\" src=\"https:\/\/www.automobile-propre.com\/wp-content\/uploads\/2020\/05\/honda-e-electrique.jpg\" alt=\"\" width=\"1200\" height=\"815\" data-lazy-srcset=\"https:\/\/www.automobile-propre.com\/wp-content\/uploads\/2020\/05\/honda-e-electrique.jpg 1200w, https:\/\/www.automobile-propre.com\/wp-content\/uploads\/2020\/05\/honda-e-electrique-1024x695.jpg 1024w, https:\/\/www.automobile-propre.com\/wp-content\/uploads\/2020\/05\/honda-e-electrique-768x522.jpg 768w, https:\/\/www.automobile-propre.com\/wp-content\/uploads\/2020\/05\/honda-e-electrique-608x413.jpg 608w, https:\/\/www.automobile-propre.com\/wp-content\/uploads\/2020\/05\/honda-e-electrique-960x652.jpg 960w\" data-lazy-sizes=\"(max-width: 1200px) 100vw, 1200px\" data-lazy-src=\"https:\/\/www.automobile-propre.com\/wp-content\/uploads\/2020\/05\/honda-e-electrique.jpg\" data-was-processed=\"true\" \/>La fin de l\u2019ann\u00e9e approche. Avec elle, les constructeurs ont une id\u00e9e de plus en plus pr\u00e9cise des \u00e9missions CO2 de leurs voitures particuli\u00e8res vendues en Europe en 2020. Sa citadine \u00e9lectrique ne permettrait pas \u00e0 Honda d\u2019\u00e9chapper aux lourdes p\u00e9nalit\u00e9s.\u00a0<a href=\"https:\/\/www.automobile-propre.com\/breves\/co2-honda-va-profiter-des-credits-tesla\/\" target=\"_blank\" rel=\"noopener noreferrer\">Lire la suite&#8230;<\/a><\/p>\n","protected":false},"excerpt":{"rendered":"<table>\n<tr>\n<td style=\"width:210px\"><a href=\"https:\/\/www.automobile-propre.com\/breves\/co2-honda-va-profiter-des-credits-tesla\/\"><img loading=\"lazy\" decoding=\"async\" width=\"186\" height=\"124\" src=\"https:\/\/www.automobile-propre.com\/wp-content\/uploads\/2020\/05\/honda-e-electrique-190x126.jpg\" class=\"attachment-186x124 size-186x124 wp-post-image\" alt=\"\" \/><\/td>\n<td style=\"vertical-align:top\">La fin de l\u2019ann\u00e9e approche. Avec elle, les constructeurs ont une id\u00e9e de plus en plus pr\u00e9cise des \u00e9missions CO2 de leurs voitures particuli\u00e8res vendues en Europe en 2020. Sa citadine \u00e9lectrique ne permettrait pas \u00e0 Honda d\u2019\u00e9chapper aux lourdes p\u00e9nalit\u00e9s.<\/td>\n<\/tr>\n<\/table>\n<p>L\u2019article <a rel=\"nofollow\" href=\"https:\/\/www.automobile-propre.com\/breves\/co2-honda-va-profiter-des-credits-tesla\/\">CO2 : Honda va profiter des cr\u00e9dits Tesla<\/a> est apparu en premier sur <a rel=\"nofollow\" href=\"https:\/\/www.automobile-propre.com\">Automobile Propre<\/a>.<\/p>\n<p>  <a class=\"continue-reading-link\" href=\"https:\/\/www.evearly.news\/fr\/co2-honda-va-profiter-des-credits-tesla\/\"><\/a><\/p>\n","protected":false},"author":8,"featured_media":0,"comment_status":"closed","ping_status":"closed","sticky":false,"template":"","format":"standard","meta":{"footnotes":""},"categories":[8],"tags":[],"class_list":["post-75724","post","type-post","status-publish","format-standard","hentry","category-automobile-propre"],"_links":{"self":[{"href":"https:\/\/www.evearly.news\/fr\/wp-json\/wp\/v2\/posts\/75724","targetHints":{"allow":["GET"]}}],"collection":[{"href":"https:\/\/www.evearly.news\/fr\/wp-json\/wp\/v2\/posts"}],"about":[{"href":"https:\/\/www.evearly.news\/fr\/wp-json\/wp\/v2\/types\/post"}],"author":[{"embeddable":true,"href":"https:\/\/www.evearly.news\/fr\/wp-json\/wp\/v2\/users\/8"}],"replies":[{"embeddable":true,"href":"https:\/\/www.evearly.news\/fr\/wp-json\/wp\/v2\/comments?post=75724"}],"version-history":[{"count":0,"href":"https:\/\/www.evearly.news\/fr\/wp-json\/wp\/v2\/posts\/75724\/revisions"}],"wp:attachment":[{"href":"https:\/\/www.evearly.news\/fr\/wp-json\/wp\/v2\/media?parent=75724"}],"wp:term":[{"taxonomy":"category","embeddable":true,"href":"https:\/\/www.evearly.news\/fr\/wp-json\/wp\/v2\/categories?post=75724"},{"taxonomy":"post_tag","embeddable":true,"href":"https:\/\/www.evearly.news\/fr\/wp-json\/wp\/v2\/tags?post=75724"}],"curies":[{"name":"wp","href":"https:\/\/api.w.org\/{rel}","templated":true}]}}