{"id":75743,"date":"2020-11-02T19:21:00","date_gmt":"2020-11-02T18:21:00","guid":{"rendered":"https:\/\/www.clubic.com\/transport-electrique\/actualite-19569-bmw-va-presenter-son-inext-electrique-concurrent-de-tesla-la-semaine-prochaine.html"},"modified":"2020-11-02T19:21:00","modified_gmt":"2020-11-02T18:21:00","slug":"bmw-va-presenter-son-inext-electrique-concurrent-de-tesla-la-semaine-prochaine","status":"publish","type":"post","link":"https:\/\/www.evearly.news\/fr\/bmw-va-presenter-son-inext-electrique-concurrent-de-tesla-la-semaine-prochaine\/","title":{"rendered":"BMW va pr\u00e9senter son iNext \u00e9lectrique concurrent de Tesla la semaine prochaine"},"content":{"rendered":"<p><img decoding=\"async\" src=\"https:\/\/pic.clubic.com\/v1\/images\/1749662\/raw\">BMW a annonc\u00e9 que son premier mod\u00e8le \u00e9lectrique depuis la BMW i3 serait pr\u00e9sent\u00e9 la semaine prochaine, le mercredi 11 novembre, dans le cadre d&rsquo;un \u00e9v\u00e9nement en ligne qui d\u00e9finira les grandes lignes de la strat\u00e9gie \u00e9lectrifi\u00e9e de la marque. <a href=\"https:\/\/www.clubic.com\/transport-electrique\/actualite-19569-bmw-va-presenter-son-inext-electrique-concurrent-de-tesla-la-semaine-prochaine.html\" target=\"_blank\" rel=\"noopener noreferrer\">Lire la suite&#8230;<\/a><\/p>\n","protected":false},"excerpt":{"rendered":"<p>&#8230; <a class=\"continue-reading-link\" href=\"https:\/\/www.evearly.news\/fr\/bmw-va-presenter-son-inext-electrique-concurrent-de-tesla-la-semaine-prochaine\/\"><\/a><\/p>\n","protected":false},"author":12,"featured_media":0,"comment_status":"closed","ping_status":"closed","sticky":false,"template":"","format":"standard","meta":{"footnotes":""},"categories":[12],"tags":[],"class_list":["post-75743","post","type-post","status-publish","format-standard","hentry","category-clubic"],"_links":{"self":[{"href":"https:\/\/www.evearly.news\/fr\/wp-json\/wp\/v2\/posts\/75743","targetHints":{"allow":["GET"]}}],"collection":[{"href":"https:\/\/www.evearly.news\/fr\/wp-json\/wp\/v2\/posts"}],"about":[{"href":"https:\/\/www.evearly.news\/fr\/wp-json\/wp\/v2\/types\/post"}],"author":[{"embeddable":true,"href":"https:\/\/www.evearly.news\/fr\/wp-json\/wp\/v2\/users\/12"}],"replies":[{"embeddable":true,"href":"https:\/\/www.evearly.news\/fr\/wp-json\/wp\/v2\/comments?post=75743"}],"version-history":[{"count":0,"href":"https:\/\/www.evearly.news\/fr\/wp-json\/wp\/v2\/posts\/75743\/revisions"}],"wp:attachment":[{"href":"https:\/\/www.evearly.news\/fr\/wp-json\/wp\/v2\/media?parent=75743"}],"wp:term":[{"taxonomy":"category","embeddable":true,"href":"https:\/\/www.evearly.news\/fr\/wp-json\/wp\/v2\/categories?post=75743"},{"taxonomy":"post_tag","embeddable":true,"href":"https:\/\/www.evearly.news\/fr\/wp-json\/wp\/v2\/tags?post=75743"}],"curies":[{"name":"wp","href":"https:\/\/api.w.org\/{rel}","templated":true}]}}