{"id":75747,"date":"2020-11-02T17:40:45","date_gmt":"2020-11-02T16:40:45","guid":{"rendered":"https:\/\/www.phonandroid.com\/?p=2331718"},"modified":"2020-11-02T17:40:45","modified_gmt":"2020-11-02T16:40:45","slug":"bmw-inext-la-concurrente-de-la-tesla-model-y-sera-presentee-le-11-novembre","status":"publish","type":"post","link":"https:\/\/www.evearly.news\/fr\/bmw-inext-la-concurrente-de-la-tesla-model-y-sera-presentee-le-11-novembre\/","title":{"rendered":"BMW iNext\u00a0: la concurrente de la Tesla Model Y sera pr\u00e9sent\u00e9e le 11 novembre"},"content":{"rendered":"<div class=\"media_block\"><img decoding=\"async\" src=\"https:\/\/img.phonandroid.com\/2020\/11\/bmw-inext-presentation-11-novembre-2020.jpg\" \/>BMW communique la date de pr\u00e9sentation officielle de son prochain cross-over \u00e9lectrique bas\u00e9 sur le concept iNext. Il s\u2019agit du 11 novembre 2020, soit en fin de semaine prochaine. Pr\u00e9sent\u00e9e comme une concurrente de la Tedla Model Y, elle devrait&#8230; <a href=\"https:\/\/www.phonandroid.com\/bmw-inext-la-concurrente-de-la-tesla-model-y-sera-presentee-le-11-novembre.html\" target=\"_blank\" rel=\"noopener noreferrer\">Lire la suite&#8230;<\/a><\/div>\n","protected":false},"excerpt":{"rendered":"<p>&#8230; <a class=\"continue-reading-link\" href=\"https:\/\/www.evearly.news\/fr\/bmw-inext-la-concurrente-de-la-tesla-model-y-sera-presentee-le-11-novembre\/\"><\/a><\/p>\n","protected":false},"author":17,"featured_media":0,"comment_status":"closed","ping_status":"closed","sticky":false,"template":"","format":"standard","meta":{"footnotes":""},"categories":[18],"tags":[],"class_list":["post-75747","post","type-post","status-publish","format-standard","hentry","category-phonandroid"],"_links":{"self":[{"href":"https:\/\/www.evearly.news\/fr\/wp-json\/wp\/v2\/posts\/75747","targetHints":{"allow":["GET"]}}],"collection":[{"href":"https:\/\/www.evearly.news\/fr\/wp-json\/wp\/v2\/posts"}],"about":[{"href":"https:\/\/www.evearly.news\/fr\/wp-json\/wp\/v2\/types\/post"}],"author":[{"embeddable":true,"href":"https:\/\/www.evearly.news\/fr\/wp-json\/wp\/v2\/users\/17"}],"replies":[{"embeddable":true,"href":"https:\/\/www.evearly.news\/fr\/wp-json\/wp\/v2\/comments?post=75747"}],"version-history":[{"count":0,"href":"https:\/\/www.evearly.news\/fr\/wp-json\/wp\/v2\/posts\/75747\/revisions"}],"wp:attachment":[{"href":"https:\/\/www.evearly.news\/fr\/wp-json\/wp\/v2\/media?parent=75747"}],"wp:term":[{"taxonomy":"category","embeddable":true,"href":"https:\/\/www.evearly.news\/fr\/wp-json\/wp\/v2\/categories?post=75747"},{"taxonomy":"post_tag","embeddable":true,"href":"https:\/\/www.evearly.news\/fr\/wp-json\/wp\/v2\/tags?post=75747"}],"curies":[{"name":"wp","href":"https:\/\/api.w.org\/{rel}","templated":true}]}}