{"id":75753,"date":"2020-11-03T06:00:09","date_gmt":"2020-11-03T05:00:09","guid":{"rendered":"http:\/\/www.avem.fr\/actualite-50-de-voitures-rechargeables-vendues-chez-mitsubishi-pour-2030-8317.html"},"modified":"2023-08-17T19:05:35","modified_gmt":"2023-08-17T19:05:35","slug":"50-de-voitures-rechargeables-vendues-chez-mitsubishi-pour-2030","status":"publish","type":"post","link":"https:\/\/www.evearly.news\/fr\/50-de-voitures-rechargeables-vendues-chez-mitsubishi-pour-2030\/","title":{"rendered":"50% de voitures rechargeables vendues chez Mitsubishi pour 2030"},"content":{"rendered":"<p><img decoding=\"async\" src=\"https:\/\/www.avem.fr\/img\/news\/2020\/2020112185814.jpg\" \/>Mitsubishi Motors vient de communiquer sa nouvelle feuille de route pour participer \u00e0 une soci\u00e9t\u00e9 mondiale neutre en \u00e9missions carbon\u00e9es \u00e0 horizon 2050. Ce nouveau plan environnemental poursuit 2 objectifs principaux \u00e0 concr\u00e9tiser pour l&rsquo;\u00e9tape 2030 : r\u00e9duire de 40% les \u00e9missions de CO2 de ses mod\u00e8les neufs et de ses activit\u00e9s, et atteindre 50% d&rsquo;\u00e9lectriques et hybrides rechargeables dans ses&#8230;<a href=\"https:\/\/www.avem.fr\/actualite-50-de-voitures-rechargeables-vendues-chez-mitsubishi-pour-2030-8317.html\" target=\"_blank\" rel=\"noopener noreferrer\">Lire la suite&#8230;<\/a><\/p>\n","protected":false},"excerpt":{"rendered":"<p>&#8230; <a class=\"continue-reading-link\" href=\"https:\/\/www.evearly.news\/fr\/50-de-voitures-rechargeables-vendues-chez-mitsubishi-pour-2030\/\"><\/a><\/p>\n","protected":false},"author":3,"featured_media":0,"comment_status":"open","ping_status":"closed","sticky":false,"template":"","format":"standard","meta":{"footnotes":""},"categories":[3],"tags":[],"class_list":["post-75753","post","type-post","status-publish","format-standard","hentry","category-avem"],"_links":{"self":[{"href":"https:\/\/www.evearly.news\/fr\/wp-json\/wp\/v2\/posts\/75753","targetHints":{"allow":["GET"]}}],"collection":[{"href":"https:\/\/www.evearly.news\/fr\/wp-json\/wp\/v2\/posts"}],"about":[{"href":"https:\/\/www.evearly.news\/fr\/wp-json\/wp\/v2\/types\/post"}],"author":[{"embeddable":true,"href":"https:\/\/www.evearly.news\/fr\/wp-json\/wp\/v2\/users\/3"}],"replies":[{"embeddable":true,"href":"https:\/\/www.evearly.news\/fr\/wp-json\/wp\/v2\/comments?post=75753"}],"version-history":[{"count":1,"href":"https:\/\/www.evearly.news\/fr\/wp-json\/wp\/v2\/posts\/75753\/revisions"}],"predecessor-version":[{"id":257169,"href":"https:\/\/www.evearly.news\/fr\/wp-json\/wp\/v2\/posts\/75753\/revisions\/257169"}],"wp:attachment":[{"href":"https:\/\/www.evearly.news\/fr\/wp-json\/wp\/v2\/media?parent=75753"}],"wp:term":[{"taxonomy":"category","embeddable":true,"href":"https:\/\/www.evearly.news\/fr\/wp-json\/wp\/v2\/categories?post=75753"},{"taxonomy":"post_tag","embeddable":true,"href":"https:\/\/www.evearly.news\/fr\/wp-json\/wp\/v2\/tags?post=75753"}],"curies":[{"name":"wp","href":"https:\/\/api.w.org\/{rel}","templated":true}]}}