{"id":75756,"date":"2020-11-03T07:40:34","date_gmt":"2020-11-03T06:40:34","guid":{"rendered":"https:\/\/www.automobile-propre.com\/?post_type=breves&amp;p=100687"},"modified":"2020-11-03T07:40:34","modified_gmt":"2020-11-03T06:40:34","slug":"ford-mach-e-les-prix-et-equipements-de-la-mustang-electrique","status":"publish","type":"post","link":"https:\/\/www.evearly.news\/fr\/ford-mach-e-les-prix-et-equipements-de-la-mustang-electrique\/","title":{"rendered":"Ford Mach-E\u00a0: les prix et \u00e9quipements de la Mustang \u00e9lectrique"},"content":{"rendered":"<p><img loading=\"lazy\" decoding=\"async\" class=\"attachment-medium size-medium wp-post-image lazyloaded\" src=\"https:\/\/www.automobile-propre.com\/wp-content\/uploads\/2020\/06\/ford-mustang-mach-e-2020-londres-1200x800.jpg\" alt=\"Ford Mustang Mach-E\" width=\"1200\" height=\"800\" data-lazy-srcset=\"https:\/\/www.automobile-propre.com\/wp-content\/uploads\/2020\/06\/ford-mustang-mach-e-2020-londres-1200x800.jpg 1200w, https:\/\/www.automobile-propre.com\/wp-content\/uploads\/2020\/06\/ford-mustang-mach-e-2020-londres-1024x683.jpg 1024w, https:\/\/www.automobile-propre.com\/wp-content\/uploads\/2020\/06\/ford-mustang-mach-e-2020-londres-140x93.jpg 140w, https:\/\/www.automobile-propre.com\/wp-content\/uploads\/2020\/06\/ford-mustang-mach-e-2020-londres-768x512.jpg 768w, https:\/\/www.automobile-propre.com\/wp-content\/uploads\/2020\/06\/ford-mustang-mach-e-2020-londres-1536x1024.jpg 1536w, https:\/\/www.automobile-propre.com\/wp-content\/uploads\/2020\/06\/ford-mustang-mach-e-2020-londres-620x413.jpg 620w, https:\/\/www.automobile-propre.com\/wp-content\/uploads\/2020\/06\/ford-mustang-mach-e-2020-londres-960x640.jpg 960w, https:\/\/www.automobile-propre.com\/wp-content\/uploads\/2020\/06\/ford-mustang-mach-e-2020-londres-100x66.jpg 100w, https:\/\/www.automobile-propre.com\/wp-content\/uploads\/2020\/06\/ford-mustang-mach-e-2020-londres-190x126.jpg 190w, https:\/\/www.automobile-propre.com\/wp-content\/uploads\/2020\/06\/ford-mustang-mach-e-2020-londres-600x400.jpg 600w, https:\/\/www.automobile-propre.com\/wp-content\/uploads\/2020\/06\/ford-mustang-mach-e-2020-londres.jpg 1920w\" data-lazy-sizes=\"(max-width: 1200px) 100vw, 1200px\" data-lazy-src=\"https:\/\/www.automobile-propre.com\/wp-content\/uploads\/2020\/06\/ford-mustang-mach-e-2020-londres-1200x800.jpg\" data-was-processed=\"true\" \/>Attendue en concessions d\u2019ici quelques semaines, la premi\u00e8re Ford Mustang \u00e9lectrique r\u00e9v\u00e8le ses tarifs et ses \u00e9quipements pour la France.\u00a0<a href=\"https:\/\/www.automobile-propre.com\/breves\/ford-mach-e-les-prix-et-equipements-de-la-mustang-electrique\/\" target=\"_blank\" rel=\"noopener noreferrer\">Lire la suite&#8230;<\/a><\/p>\n","protected":false},"excerpt":{"rendered":"<table>\n<tr>\n<td style=\"width:210px\"><a href=\"https:\/\/www.automobile-propre.com\/breves\/ford-mach-e-les-prix-et-equipements-de-la-mustang-electrique\/\"><img loading=\"lazy\" decoding=\"async\" width=\"186\" height=\"124\" src=\"https:\/\/www.automobile-propre.com\/wp-content\/uploads\/2020\/06\/ford-mustang-mach-e-2020-londres-190x126.jpg\" class=\"attachment-186x124 size-186x124 wp-post-image\" alt=\"Ford Mustang Mach-E\" \/><\/td>\n<td style=\"vertical-align:top\">Attendue en concessions d&rsquo;ici quelques semaines, la premi\u00e8re Ford Mustang \u00e9lectrique r\u00e9v\u00e8le ses tarifs et ses \u00e9quipements pour la France.<\/td>\n<\/tr>\n<\/table>\n<p>L\u2019article <a rel=\"nofollow\" href=\"https:\/\/www.automobile-propre.com\/breves\/ford-mach-e-les-prix-et-equipements-de-la-mustang-electrique\/\">Ford Mach-E\u00a0: les prix et \u00e9quipements de la Mustang \u00e9lectrique<\/a> est apparu en premier sur <a rel=\"nofollow\" href=\"https:\/\/www.automobile-propre.com\">Automobile Propre<\/a>.<\/p>\n<p>  <a class=\"continue-reading-link\" href=\"https:\/\/www.evearly.news\/fr\/ford-mach-e-les-prix-et-equipements-de-la-mustang-electrique\/\"><\/a><\/p>\n","protected":false},"author":8,"featured_media":0,"comment_status":"closed","ping_status":"closed","sticky":false,"template":"","format":"standard","meta":{"footnotes":""},"categories":[8],"tags":[],"class_list":["post-75756","post","type-post","status-publish","format-standard","hentry","category-automobile-propre"],"_links":{"self":[{"href":"https:\/\/www.evearly.news\/fr\/wp-json\/wp\/v2\/posts\/75756","targetHints":{"allow":["GET"]}}],"collection":[{"href":"https:\/\/www.evearly.news\/fr\/wp-json\/wp\/v2\/posts"}],"about":[{"href":"https:\/\/www.evearly.news\/fr\/wp-json\/wp\/v2\/types\/post"}],"author":[{"embeddable":true,"href":"https:\/\/www.evearly.news\/fr\/wp-json\/wp\/v2\/users\/8"}],"replies":[{"embeddable":true,"href":"https:\/\/www.evearly.news\/fr\/wp-json\/wp\/v2\/comments?post=75756"}],"version-history":[{"count":0,"href":"https:\/\/www.evearly.news\/fr\/wp-json\/wp\/v2\/posts\/75756\/revisions"}],"wp:attachment":[{"href":"https:\/\/www.evearly.news\/fr\/wp-json\/wp\/v2\/media?parent=75756"}],"wp:term":[{"taxonomy":"category","embeddable":true,"href":"https:\/\/www.evearly.news\/fr\/wp-json\/wp\/v2\/categories?post=75756"},{"taxonomy":"post_tag","embeddable":true,"href":"https:\/\/www.evearly.news\/fr\/wp-json\/wp\/v2\/tags?post=75756"}],"curies":[{"name":"wp","href":"https:\/\/api.w.org\/{rel}","templated":true}]}}