{"id":75784,"date":"2020-11-03T12:15:14","date_gmt":"2020-11-03T11:15:14","guid":{"rendered":"http:\/\/www.auto-moto.com\/?p=157732"},"modified":"2020-11-03T12:15:14","modified_gmt":"2020-11-03T11:15:14","slug":"les-voitures-les-plus-vendues-en-france-octobre-2020-classement","status":"publish","type":"post","link":"https:\/\/www.evearly.news\/fr\/les-voitures-les-plus-vendues-en-france-octobre-2020-classement\/","title":{"rendered":"Les voitures les plus vendues en France \u2013 Octobre 2020 (CLASSEMENT)"},"content":{"rendered":"<p><img decoding=\"async\" src=\"https:\/\/www.auto-moto.com\/wp-content\/uploads\/sites\/9\/2020\/01\/peugeot-208-750x410.jpeg\" \/>Le premier confinement instaur\u00e9 en France du 17 mars au 11 mai 2020, en r\u00e9action \u00e0 l\u2019\u00e9pid\u00e9mie de coronavirus, a eu un impact tr\u00e8s n\u00e9gatif sur les ventes de v\u00e9hicules particuliers. La preuve en chiffres : \u2013 72,2% en mars, \u2013 88,8% en avril et -50,3% en mai, par rapport \u00e0 2019. <a href=\"https:\/\/www.auto-moto.com\/actualite\/en-chiffres\/voitures-plus-vendues-france-mois-par-mois-2018-classement-30-premiers-modeles-marche-francais-157732.html?utm_source=rss_feed&amp;utm_medium=link&amp;utm_campaign=unknown\" target=\"_blank\" rel=\"noopener noreferrer\">Lire la suite&#8230;<\/a><\/p>\n","protected":false},"excerpt":{"rendered":"<p>La Peugeot 208 et la Renault Clio sont les voitures les plus vendues en France sur les dix premiers mois de l\u2019ann\u00e9e 2020. D\u00e9couvrez le Top 30.<br \/>\nThe post Les voitures les plus vendues en France \u2013 Octobre 2020 (CLASSEMENT) appeared first on Auto moto : magazine auto et moto. &#8230; <a class=\"continue-reading-link\" href=\"https:\/\/www.evearly.news\/fr\/les-voitures-les-plus-vendues-en-france-octobre-2020-classement\/\"><\/a><\/p>\n","protected":false},"author":9,"featured_media":0,"comment_status":"closed","ping_status":"closed","sticky":false,"template":"","format":"standard","meta":{"footnotes":""},"categories":[10],"tags":[],"class_list":["post-75784","post","type-post","status-publish","format-standard","hentry","category-auto-moto-com"],"_links":{"self":[{"href":"https:\/\/www.evearly.news\/fr\/wp-json\/wp\/v2\/posts\/75784","targetHints":{"allow":["GET"]}}],"collection":[{"href":"https:\/\/www.evearly.news\/fr\/wp-json\/wp\/v2\/posts"}],"about":[{"href":"https:\/\/www.evearly.news\/fr\/wp-json\/wp\/v2\/types\/post"}],"author":[{"embeddable":true,"href":"https:\/\/www.evearly.news\/fr\/wp-json\/wp\/v2\/users\/9"}],"replies":[{"embeddable":true,"href":"https:\/\/www.evearly.news\/fr\/wp-json\/wp\/v2\/comments?post=75784"}],"version-history":[{"count":0,"href":"https:\/\/www.evearly.news\/fr\/wp-json\/wp\/v2\/posts\/75784\/revisions"}],"wp:attachment":[{"href":"https:\/\/www.evearly.news\/fr\/wp-json\/wp\/v2\/media?parent=75784"}],"wp:term":[{"taxonomy":"category","embeddable":true,"href":"https:\/\/www.evearly.news\/fr\/wp-json\/wp\/v2\/categories?post=75784"},{"taxonomy":"post_tag","embeddable":true,"href":"https:\/\/www.evearly.news\/fr\/wp-json\/wp\/v2\/tags?post=75784"}],"curies":[{"name":"wp","href":"https:\/\/api.w.org\/{rel}","templated":true}]}}