{"id":76007,"date":"2020-10-24T08:43:06","date_gmt":"2020-10-24T07:43:06","guid":{"rendered":"https:\/\/www.automobile-magazine.fr\/voitures-electriques\/article\/28310-nos-premieres-impressions-a-bord-de-la-nouvelle-dacia-spring"},"modified":"2023-08-17T05:36:13","modified_gmt":"2023-08-17T05:36:13","slug":"nos-premieres-impressions-a-bord-de-la-nouvelle-dacia-spring","status":"publish","type":"post","link":"https:\/\/www.evearly.news\/fr\/nos-premieres-impressions-a-bord-de-la-nouvelle-dacia-spring\/","title":{"rendered":"Nos premi\u00e8res impressions \u00e0 bord de la nouvelle Dacia Spring"},"content":{"rendered":"<p><img decoding=\"async\" src=\"https:\/\/news.evearly.com\/wp-content\/uploads\/2020\/11\/nos-premieres-impressions-a-bord-de-la-nouvelle-dacia-spring.jpg\"><\/p>\n<p>Souvenez-vous quand Dacia annon\u00e7ait r\u00e9volutionner le march\u00e9 automobile avec la Logan. Quinze ans plus tard, sa petite s\u0153ur la Sandero est solidement install\u00e9e comme mod\u00e8le le plus vendu aux particuliers en France ! Une strat\u00e9gie que le roumain compte r\u00e9appliquer avec la Spring, dans laquelle nous avons d\u00e9j\u00e0 pu prendre place. Premi\u00e8res impressions.<\/p>\n<p> <a href=\"https:\/\/www.automobile-magazine.fr\/voitures-electriques\/article\/28310-nos-premieres-impressions-a-bord-de-la-nouvelle-dacia-spring\" target=\"_blank\" rel=\"noopener noreferrer\">Lire la suite&#8230;<\/a><\/p>\n","protected":false},"excerpt":{"rendered":"<p>&#8230; <a class=\"continue-reading-link\" href=\"https:\/\/www.evearly.news\/fr\/nos-premieres-impressions-a-bord-de-la-nouvelle-dacia-spring\/\"><\/a><\/p>\n","protected":false},"author":7,"featured_media":0,"comment_status":"closed","ping_status":"closed","sticky":false,"template":"","format":"standard","meta":{"footnotes":""},"categories":[7],"tags":[],"class_list":["post-76007","post","type-post","status-publish","format-standard","hentry","category-automobile-magazine"],"_links":{"self":[{"href":"https:\/\/www.evearly.news\/fr\/wp-json\/wp\/v2\/posts\/76007","targetHints":{"allow":["GET"]}}],"collection":[{"href":"https:\/\/www.evearly.news\/fr\/wp-json\/wp\/v2\/posts"}],"about":[{"href":"https:\/\/www.evearly.news\/fr\/wp-json\/wp\/v2\/types\/post"}],"author":[{"embeddable":true,"href":"https:\/\/www.evearly.news\/fr\/wp-json\/wp\/v2\/users\/7"}],"replies":[{"embeddable":true,"href":"https:\/\/www.evearly.news\/fr\/wp-json\/wp\/v2\/comments?post=76007"}],"version-history":[{"count":1,"href":"https:\/\/www.evearly.news\/fr\/wp-json\/wp\/v2\/posts\/76007\/revisions"}],"predecessor-version":[{"id":254548,"href":"https:\/\/www.evearly.news\/fr\/wp-json\/wp\/v2\/posts\/76007\/revisions\/254548"}],"wp:attachment":[{"href":"https:\/\/www.evearly.news\/fr\/wp-json\/wp\/v2\/media?parent=76007"}],"wp:term":[{"taxonomy":"category","embeddable":true,"href":"https:\/\/www.evearly.news\/fr\/wp-json\/wp\/v2\/categories?post=76007"},{"taxonomy":"post_tag","embeddable":true,"href":"https:\/\/www.evearly.news\/fr\/wp-json\/wp\/v2\/tags?post=76007"}],"curies":[{"name":"wp","href":"https:\/\/api.w.org\/{rel}","templated":true}]}}