{"id":76125,"date":"2020-11-05T11:16:40","date_gmt":"2020-11-05T10:16:40","guid":{"rendered":"https:\/\/www.automobile-propre.com\/?post_type=breves&amp;p=100875"},"modified":"2020-11-05T11:16:40","modified_gmt":"2020-11-05T10:16:40","slug":"hyundai-kia-rejoint-officiellement-le-reseau-de-recharge-ultra-rapide-ionity","status":"publish","type":"post","link":"https:\/\/www.evearly.news\/fr\/hyundai-kia-rejoint-officiellement-le-reseau-de-recharge-ultra-rapide-ionity\/","title":{"rendered":"Hyundai-Kia rejoint officiellement le r\u00e9seau de recharge ultra-rapide Ionity"},"content":{"rendered":"<p><img loading=\"lazy\" decoding=\"async\" class=\"attachment-medium size-medium wp-post-image lazyloaded\" src=\"https:\/\/www.automobile-propre.com\/wp-content\/uploads\/2019\/09\/Hyundai-Kona-Ionity-97-730x411.jpg\" alt=\"\" width=\"730\" height=\"411\" data-lazy-srcset=\"https:\/\/www.automobile-propre.com\/wp-content\/uploads\/2019\/09\/Hyundai-Kona-Ionity-97-730x411.jpg 730w, https:\/\/www.automobile-propre.com\/wp-content\/uploads\/2019\/09\/Hyundai-Kona-Ionity-97-768x432.jpg 768w, https:\/\/www.automobile-propre.com\/wp-content\/uploads\/2019\/09\/Hyundai-Kona-Ionity-97-1024x576.jpg 1024w, https:\/\/www.automobile-propre.com\/wp-content\/uploads\/2019\/09\/Hyundai-Kona-Ionity-97-620x349.jpg 620w, https:\/\/www.automobile-propre.com\/wp-content\/uploads\/2019\/09\/Hyundai-Kona-Ionity-97-960x540.jpg 960w, https:\/\/www.automobile-propre.com\/wp-content\/uploads\/2019\/09\/Hyundai-Kona-Ionity-97.jpg 1800w\" data-lazy-sizes=\"(max-width: 730px) 100vw, 730px\" data-lazy-src=\"https:\/\/www.automobile-propre.com\/wp-content\/uploads\/2019\/09\/Hyundai-Kona-Ionity-97-730x411.jpg\" data-was-processed=\"true\" \/>Annonc\u00e9e depuis septembre 2019, l\u2019entr\u00e9e du groupe Hyundai au sein du consortium Ionity est d\u00e9sormais effective. Le constructeur cor\u00e9en peut maintenant s\u2019impliquer dans le d\u00e9veloppement du r\u00e9seau de recharge ultra-rapide europ\u00e9en.\u00a0<a href=\"https:\/\/www.automobile-propre.com\/breves\/hyundai-kia-rejoint-officiellement-le-reseau-de-recharge-ultra-rapide-ionity\/\" target=\"_blank\" rel=\"noopener noreferrer\">Lire la suite&#8230;<\/a><\/p>\n","protected":false},"excerpt":{"rendered":"<table>\n<tr>\n<td style=\"width:210px\"><a href=\"https:\/\/www.automobile-propre.com\/breves\/hyundai-kia-rejoint-officiellement-le-reseau-de-recharge-ultra-rapide-ionity\/\"><img loading=\"lazy\" decoding=\"async\" width=\"186\" height=\"124\" src=\"https:\/\/www.automobile-propre.com\/wp-content\/uploads\/2019\/09\/Hyundai-Kona-Ionity-97-190x126.jpg\" class=\"attachment-186x124 size-186x124 wp-post-image\" alt=\"\" \/><\/td>\n<td style=\"vertical-align:top\">Annonc\u00e9e depuis septembre 2019, l\u2019entr\u00e9e du groupe Hyundai au sein du consortium Ionity est d\u00e9sormais effective. Le constructeur cor\u00e9en peut maintenant s\u2019impliquer dans le d\u00e9veloppement du r\u00e9seau de recharge ultra-rapide europ\u00e9en.<\/td>\n<\/tr>\n<\/table>\n<p>L\u2019article <a rel=\"nofollow\" href=\"https:\/\/www.automobile-propre.com\/breves\/hyundai-kia-rejoint-officiellement-le-reseau-de-recharge-ultra-rapide-ionity\/\">Hyundai-Kia rejoint officiellement le r\u00e9seau de recharge ultra-rapide Ionity<\/a> est apparu en premier sur <a rel=\"nofollow\" href=\"https:\/\/www.automobile-propre.com\">Automobile Propre<\/a>.<\/p>\n<p>  <a class=\"continue-reading-link\" href=\"https:\/\/www.evearly.news\/fr\/hyundai-kia-rejoint-officiellement-le-reseau-de-recharge-ultra-rapide-ionity\/\"><\/a><\/p>\n","protected":false},"author":8,"featured_media":0,"comment_status":"closed","ping_status":"closed","sticky":false,"template":"","format":"standard","meta":{"footnotes":""},"categories":[8],"tags":[],"class_list":["post-76125","post","type-post","status-publish","format-standard","hentry","category-automobile-propre"],"_links":{"self":[{"href":"https:\/\/www.evearly.news\/fr\/wp-json\/wp\/v2\/posts\/76125","targetHints":{"allow":["GET"]}}],"collection":[{"href":"https:\/\/www.evearly.news\/fr\/wp-json\/wp\/v2\/posts"}],"about":[{"href":"https:\/\/www.evearly.news\/fr\/wp-json\/wp\/v2\/types\/post"}],"author":[{"embeddable":true,"href":"https:\/\/www.evearly.news\/fr\/wp-json\/wp\/v2\/users\/8"}],"replies":[{"embeddable":true,"href":"https:\/\/www.evearly.news\/fr\/wp-json\/wp\/v2\/comments?post=76125"}],"version-history":[{"count":0,"href":"https:\/\/www.evearly.news\/fr\/wp-json\/wp\/v2\/posts\/76125\/revisions"}],"wp:attachment":[{"href":"https:\/\/www.evearly.news\/fr\/wp-json\/wp\/v2\/media?parent=76125"}],"wp:term":[{"taxonomy":"category","embeddable":true,"href":"https:\/\/www.evearly.news\/fr\/wp-json\/wp\/v2\/categories?post=76125"},{"taxonomy":"post_tag","embeddable":true,"href":"https:\/\/www.evearly.news\/fr\/wp-json\/wp\/v2\/tags?post=76125"}],"curies":[{"name":"wp","href":"https:\/\/api.w.org\/{rel}","templated":true}]}}