{"id":76864,"date":"2020-11-10T08:17:08","date_gmt":"2020-11-10T08:17:08","guid":{"rendered":"https:\/\/www.automobile-propre.com\/?p=101282"},"modified":"2023-08-18T02:19:14","modified_gmt":"2023-08-18T02:19:14","slug":"voiture-electrique-et-bornes-de-recharge-une-dynamique-a-relancer","status":"publish","type":"post","link":"https:\/\/www.evearly.news\/fr\/voiture-electrique-et-bornes-de-recharge-une-dynamique-a-relancer\/","title":{"rendered":"Voiture \u00e9lectrique et bornes de recharge\u00a0: une dynamique \u00e0 relancer"},"content":{"rendered":"<p><img loading=\"lazy\" decoding=\"async\" class=\"alignnone size-full wp-image-96975\" src=\"https:\/\/www.automobile-propre.com\/wp-content\/uploads\/2020\/09\/recharge-schneider.jpg\" alt=\"\" width=\"1200\" height=\"831\" \/>Dans son dernier barom\u00e8tre, l\u2019Avere France alerte quant \u00e0 la stagnation du nombre de points de charge ouverts au public en France et appelle les autorit\u00e9s \u00e0 mettre en \u0153uvre tous les moyens existants pour acc\u00e9l\u00e9rer les d\u00e9ploiements. <a style=\"font-size: inherit\" href=\"https:\/\/www.automobile-propre.com\/voiture-electrique-et-bornes-de-recharge-une-dynamique-a-relancer\/\" target=\"_blank\" rel=\"noopener noreferrer\">Lire la suite&#8230;<\/a><\/p>\n","protected":false},"excerpt":{"rendered":"<table>\n<tr>\n<td style=\"width:210px\"><a href=\"https:\/\/www.automobile-propre.com\/voiture-electrique-et-bornes-de-recharge-une-dynamique-a-relancer\/\"><img loading=\"lazy\" decoding=\"async\" width=\"186\" height=\"124\" src=\"https:\/\/www.automobile-propre.com\/wp-content\/uploads\/2020\/09\/recharge-schneider-190x126.jpg\" class=\"attachment-186x124 size-186x124 wp-post-image\" alt=\"\" \/><\/td>\n<td style=\"vertical-align:top\">Dans son dernier barom\u00e8tre, l\u2019Avere France alerte quant \u00e0 la stagnation du nombre de points de charge ouverts au public en France et appelle les autorit\u00e9s \u00e0 mettre en \u0153uvre tous les moyens existants pour acc\u00e9l\u00e9rer les d\u00e9ploiements.<\/td>\n<\/tr>\n<\/table>\n<p>L\u2019article <a rel=\"nofollow\" href=\"https:\/\/www.automobile-propre.com\/voiture-electrique-et-bornes-de-recharge-une-dynamique-a-relancer\/\">Voiture \u00e9lectrique et bornes de recharge\u00a0: une dynamique \u00e0 relancer<\/a> est apparu en premier sur <a rel=\"nofollow\" href=\"https:\/\/www.automobile-propre.com\">Automobile Propre<\/a>.<\/p>\n<p>  <a class=\"continue-reading-link\" href=\"https:\/\/www.evearly.news\/fr\/voiture-electrique-et-bornes-de-recharge-une-dynamique-a-relancer\/\"><\/a><\/p>\n","protected":false},"author":8,"featured_media":0,"comment_status":"closed","ping_status":"closed","sticky":false,"template":"","format":"standard","meta":{"footnotes":""},"categories":[8],"tags":[],"class_list":["post-76864","post","type-post","status-publish","format-standard","hentry","category-automobile-propre"],"_links":{"self":[{"href":"https:\/\/www.evearly.news\/fr\/wp-json\/wp\/v2\/posts\/76864","targetHints":{"allow":["GET"]}}],"collection":[{"href":"https:\/\/www.evearly.news\/fr\/wp-json\/wp\/v2\/posts"}],"about":[{"href":"https:\/\/www.evearly.news\/fr\/wp-json\/wp\/v2\/types\/post"}],"author":[{"embeddable":true,"href":"https:\/\/www.evearly.news\/fr\/wp-json\/wp\/v2\/users\/8"}],"replies":[{"embeddable":true,"href":"https:\/\/www.evearly.news\/fr\/wp-json\/wp\/v2\/comments?post=76864"}],"version-history":[{"count":1,"href":"https:\/\/www.evearly.news\/fr\/wp-json\/wp\/v2\/posts\/76864\/revisions"}],"predecessor-version":[{"id":257517,"href":"https:\/\/www.evearly.news\/fr\/wp-json\/wp\/v2\/posts\/76864\/revisions\/257517"}],"wp:attachment":[{"href":"https:\/\/www.evearly.news\/fr\/wp-json\/wp\/v2\/media?parent=76864"}],"wp:term":[{"taxonomy":"category","embeddable":true,"href":"https:\/\/www.evearly.news\/fr\/wp-json\/wp\/v2\/categories?post=76864"},{"taxonomy":"post_tag","embeddable":true,"href":"https:\/\/www.evearly.news\/fr\/wp-json\/wp\/v2\/tags?post=76864"}],"curies":[{"name":"wp","href":"https:\/\/api.w.org\/{rel}","templated":true}]}}