{"id":76975,"date":"2020-11-10T16:42:09","date_gmt":"2020-11-10T15:42:09","guid":{"rendered":"https:\/\/www.automobile-propre.com\/?p=101370"},"modified":"2020-11-10T16:42:09","modified_gmt":"2020-11-10T15:42:09","slug":"citroen-ami-les-raisons-de-ses-retards-de-livraison","status":"publish","type":"post","link":"https:\/\/www.evearly.news\/fr\/citroen-ami-les-raisons-de-ses-retards-de-livraison\/","title":{"rendered":"Citro\u00ebn Ami : les raisons de ses retards de livraison"},"content":{"rendered":"<p><img loading=\"lazy\" decoding=\"async\" class=\"size-full wp-image-101373 lazyloaded\" src=\"https:\/\/www.automobile-propre.com\/wp-content\/uploads\/2020\/11\/citroen_ami_8.jpeg\" alt=\"\" width=\"1200\" height=\"800\" data-lazy-srcset=\"https:\/\/www.automobile-propre.com\/wp-content\/uploads\/2020\/11\/citroen_ami_8.jpeg 1200w, https:\/\/www.automobile-propre.com\/wp-content\/uploads\/2020\/11\/citroen_ami_8-1024x683.jpeg 1024w, https:\/\/www.automobile-propre.com\/wp-content\/uploads\/2020\/11\/citroen_ami_8-140x93.jpeg 140w, https:\/\/www.automobile-propre.com\/wp-content\/uploads\/2020\/11\/citroen_ami_8-768x512.jpeg 768w, https:\/\/www.automobile-propre.com\/wp-content\/uploads\/2020\/11\/citroen_ami_8-620x413.jpeg 620w, https:\/\/www.automobile-propre.com\/wp-content\/uploads\/2020\/11\/citroen_ami_8-960x640.jpeg 960w, https:\/\/www.automobile-propre.com\/wp-content\/uploads\/2020\/11\/citroen_ami_8-100x66.jpeg 100w, https:\/\/www.automobile-propre.com\/wp-content\/uploads\/2020\/11\/citroen_ami_8-190x126.jpeg 190w, https:\/\/www.automobile-propre.com\/wp-content\/uploads\/2020\/11\/citroen_ami_8-600x400.jpeg 600w\" data-lazy-sizes=\"(max-width: 1200px) 100vw, 1200px\" data-lazy-src=\"https:\/\/www.automobile-propre.com\/wp-content\/uploads\/2020\/11\/citroen_ami_8.jpeg\" data-was-processed=\"true\" \/>La Citro\u00ebn Ami voulait \u00eatre la plus populaire des \u00e9lectriques. Mais sans doute pas autant : victime de son succ\u00e8s, la citadine enregistre de f\u00e2cheux retards de livraisons, dont la raison ne pourrait \u00eatre celle que l\u2019on croit.\u00a0<a href=\"https:\/\/www.automobile-propre.com\/citroen-ami-les-raisons-de-ses-retards-de-livraison\/\" target=\"_blank\" rel=\"noopener noreferrer\">Lire la suite&#8230;<\/a><\/p>\n","protected":false},"excerpt":{"rendered":"<table>\n<tr>\n<td style=\"width:210px\"><a href=\"https:\/\/www.automobile-propre.com\/citroen-ami-les-raisons-de-ses-retards-de-livraison\/\"><img loading=\"lazy\" decoding=\"async\" width=\"186\" height=\"124\" src=\"https:\/\/www.automobile-propre.com\/wp-content\/uploads\/2020\/11\/citroen_ami_8-190x126.jpeg\" class=\"attachment-186x124 size-186x124 wp-post-image\" alt=\"\" \/><\/td>\n<td style=\"vertical-align:top\">La Citro\u00ebn Ami voulait \u00eatre la plus populaire des \u00e9lectriques. Mais sans doute pas autant : victime de son succ\u00e8s, la citadine enregistre de f\u00e2cheux retards de livraisons, dont la raison ne pourrait \u00eatre celle que l\u2019on croit.<\/td>\n<\/tr>\n<\/table>\n<p>L\u2019article <a rel=\"nofollow\" href=\"https:\/\/www.automobile-propre.com\/citroen-ami-les-raisons-de-ses-retards-de-livraison\/\">Citro\u00ebn Ami : les raisons de ses retards de livraison<\/a> est apparu en premier sur <a rel=\"nofollow\" href=\"https:\/\/www.automobile-propre.com\">Automobile Propre<\/a>.<\/p>\n<p>  <a class=\"continue-reading-link\" href=\"https:\/\/www.evearly.news\/fr\/citroen-ami-les-raisons-de-ses-retards-de-livraison\/\"><\/a><\/p>\n","protected":false},"author":8,"featured_media":0,"comment_status":"closed","ping_status":"closed","sticky":false,"template":"","format":"standard","meta":{"footnotes":""},"categories":[8],"tags":[],"class_list":["post-76975","post","type-post","status-publish","format-standard","hentry","category-automobile-propre"],"_links":{"self":[{"href":"https:\/\/www.evearly.news\/fr\/wp-json\/wp\/v2\/posts\/76975","targetHints":{"allow":["GET"]}}],"collection":[{"href":"https:\/\/www.evearly.news\/fr\/wp-json\/wp\/v2\/posts"}],"about":[{"href":"https:\/\/www.evearly.news\/fr\/wp-json\/wp\/v2\/types\/post"}],"author":[{"embeddable":true,"href":"https:\/\/www.evearly.news\/fr\/wp-json\/wp\/v2\/users\/8"}],"replies":[{"embeddable":true,"href":"https:\/\/www.evearly.news\/fr\/wp-json\/wp\/v2\/comments?post=76975"}],"version-history":[{"count":0,"href":"https:\/\/www.evearly.news\/fr\/wp-json\/wp\/v2\/posts\/76975\/revisions"}],"wp:attachment":[{"href":"https:\/\/www.evearly.news\/fr\/wp-json\/wp\/v2\/media?parent=76975"}],"wp:term":[{"taxonomy":"category","embeddable":true,"href":"https:\/\/www.evearly.news\/fr\/wp-json\/wp\/v2\/categories?post=76975"},{"taxonomy":"post_tag","embeddable":true,"href":"https:\/\/www.evearly.news\/fr\/wp-json\/wp\/v2\/tags?post=76975"}],"curies":[{"name":"wp","href":"https:\/\/api.w.org\/{rel}","templated":true}]}}