{"id":76980,"date":"2020-11-10T18:15:48","date_gmt":"2020-11-10T17:15:48","guid":{"rendered":"https:\/\/www.automobile-magazine.fr\/voitures-electriques\/article\/28413-mini-va-etendre-sa-gamme-electrique-avec-deux-crossovers"},"modified":"2023-08-17T05:35:59","modified_gmt":"2023-08-17T05:35:59","slug":"mini-va-etendre-sa-gamme-electrique-avec-deux-crossovers","status":"publish","type":"post","link":"https:\/\/www.evearly.news\/fr\/mini-va-etendre-sa-gamme-electrique-avec-deux-crossovers\/","title":{"rendered":"Mini va \u00e9tendre sa gamme \u00e9lectrique avec deux crossovers"},"content":{"rendered":"<p><img decoding=\"async\" src=\"https:\/\/news.evearly.com\/wp-content\/uploads\/2020\/11\/mini-va-etendre-sa-gamme-electrique-avec-deux-crossovers.jpg\"><\/p>\n<p>L\u2019\u00e9lectrification est un enjeu crucial et Mini l\u2019a bien compris : deux nouveaux mod\u00e8les 100 % \u00e9lectriques viendront rejoindre la gamme dans les prochaines ann\u00e9es.<\/p>\n<p> <a href=\"https:\/\/www.automobile-magazine.fr\/voitures-electriques\/article\/28413-mini-va-etendre-sa-gamme-electrique-avec-deux-crossovers\" target=\"_blank\" rel=\"noopener noreferrer\">Lire la suite&#8230;<\/a><\/p>\n","protected":false},"excerpt":{"rendered":"<p>&#8230; <a class=\"continue-reading-link\" href=\"https:\/\/www.evearly.news\/fr\/mini-va-etendre-sa-gamme-electrique-avec-deux-crossovers\/\"><\/a><\/p>\n","protected":false},"author":7,"featured_media":0,"comment_status":"closed","ping_status":"closed","sticky":false,"template":"","format":"standard","meta":{"footnotes":""},"categories":[7],"tags":[],"class_list":["post-76980","post","type-post","status-publish","format-standard","hentry","category-automobile-magazine"],"_links":{"self":[{"href":"https:\/\/www.evearly.news\/fr\/wp-json\/wp\/v2\/posts\/76980","targetHints":{"allow":["GET"]}}],"collection":[{"href":"https:\/\/www.evearly.news\/fr\/wp-json\/wp\/v2\/posts"}],"about":[{"href":"https:\/\/www.evearly.news\/fr\/wp-json\/wp\/v2\/types\/post"}],"author":[{"embeddable":true,"href":"https:\/\/www.evearly.news\/fr\/wp-json\/wp\/v2\/users\/7"}],"replies":[{"embeddable":true,"href":"https:\/\/www.evearly.news\/fr\/wp-json\/wp\/v2\/comments?post=76980"}],"version-history":[{"count":1,"href":"https:\/\/www.evearly.news\/fr\/wp-json\/wp\/v2\/posts\/76980\/revisions"}],"predecessor-version":[{"id":254531,"href":"https:\/\/www.evearly.news\/fr\/wp-json\/wp\/v2\/posts\/76980\/revisions\/254531"}],"wp:attachment":[{"href":"https:\/\/www.evearly.news\/fr\/wp-json\/wp\/v2\/media?parent=76980"}],"wp:term":[{"taxonomy":"category","embeddable":true,"href":"https:\/\/www.evearly.news\/fr\/wp-json\/wp\/v2\/categories?post=76980"},{"taxonomy":"post_tag","embeddable":true,"href":"https:\/\/www.evearly.news\/fr\/wp-json\/wp\/v2\/tags?post=76980"}],"curies":[{"name":"wp","href":"https:\/\/api.w.org\/{rel}","templated":true}]}}