{"id":76998,"date":"2020-11-10T18:27:00","date_gmt":"2020-11-10T17:27:00","guid":{"rendered":"https:\/\/www.clubic.com\/peugeot\/actualite-20672-le-futur-peugeot-e-3008-pourrait-utiliser-des-batteries-produites-en-france.html"},"modified":"2020-11-10T18:27:00","modified_gmt":"2020-11-10T17:27:00","slug":"le-futur-peugeot-e-3008-pourrait-utiliser-des-batteries-produites-en-france","status":"publish","type":"post","link":"https:\/\/www.evearly.news\/fr\/le-futur-peugeot-e-3008-pourrait-utiliser-des-batteries-produites-en-france\/","title":{"rendered":"Le futur Peugeot e-3008 pourrait utiliser des batteries produites en France"},"content":{"rendered":"<p><img decoding=\"async\" src=\"https:\/\/pic.clubic.com\/v1\/images\/1839358\/raw\">Le futur Peugeot e-3008, SUV \u00e9lectrique qui devrait arriver sur le march\u00e9 dans approximativement trois ans, pourrait embarquer des batteries fabriqu\u00e9es par l&rsquo;entit\u00e9 fran\u00e7aise Automotive Cells Company (ACC). <a href=\"https:\/\/www.clubic.com\/peugeot\/actualite-20672-le-futur-peugeot-e-3008-pourrait-utiliser-des-batteries-produites-en-france.html\" target=\"_blank\" rel=\"noopener noreferrer\">Lire la suite&#8230;<\/a><\/p>\n","protected":false},"excerpt":{"rendered":"<p>&#8230; <a class=\"continue-reading-link\" href=\"https:\/\/www.evearly.news\/fr\/le-futur-peugeot-e-3008-pourrait-utiliser-des-batteries-produites-en-france\/\"><\/a><\/p>\n","protected":false},"author":12,"featured_media":0,"comment_status":"closed","ping_status":"closed","sticky":false,"template":"","format":"standard","meta":{"footnotes":""},"categories":[12],"tags":[],"class_list":["post-76998","post","type-post","status-publish","format-standard","hentry","category-clubic"],"_links":{"self":[{"href":"https:\/\/www.evearly.news\/fr\/wp-json\/wp\/v2\/posts\/76998","targetHints":{"allow":["GET"]}}],"collection":[{"href":"https:\/\/www.evearly.news\/fr\/wp-json\/wp\/v2\/posts"}],"about":[{"href":"https:\/\/www.evearly.news\/fr\/wp-json\/wp\/v2\/types\/post"}],"author":[{"embeddable":true,"href":"https:\/\/www.evearly.news\/fr\/wp-json\/wp\/v2\/users\/12"}],"replies":[{"embeddable":true,"href":"https:\/\/www.evearly.news\/fr\/wp-json\/wp\/v2\/comments?post=76998"}],"version-history":[{"count":0,"href":"https:\/\/www.evearly.news\/fr\/wp-json\/wp\/v2\/posts\/76998\/revisions"}],"wp:attachment":[{"href":"https:\/\/www.evearly.news\/fr\/wp-json\/wp\/v2\/media?parent=76998"}],"wp:term":[{"taxonomy":"category","embeddable":true,"href":"https:\/\/www.evearly.news\/fr\/wp-json\/wp\/v2\/categories?post=76998"},{"taxonomy":"post_tag","embeddable":true,"href":"https:\/\/www.evearly.news\/fr\/wp-json\/wp\/v2\/tags?post=76998"}],"curies":[{"name":"wp","href":"https:\/\/api.w.org\/{rel}","templated":true}]}}