{"id":77104,"date":"2020-11-11T15:38:40","date_gmt":"2020-11-11T14:38:40","guid":{"rendered":"https:\/\/www.automobile-propre.com\/?post_type=breves&amp;p=101454"},"modified":"2020-11-11T15:38:40","modified_gmt":"2020-11-11T14:38:40","slug":"levc-a-lance-la-production-de-son-premier-utilitaire-electrique","status":"publish","type":"post","link":"https:\/\/www.evearly.news\/fr\/levc-a-lance-la-production-de-son-premier-utilitaire-electrique\/","title":{"rendered":"LEVC a lanc\u00e9 la production de son premier utilitaire \u00e9lectrique"},"content":{"rendered":"<p><img loading=\"lazy\" decoding=\"async\" class=\"attachment-medium size-medium wp-post-image lazyloaded\" src=\"https:\/\/www.automobile-propre.com\/wp-content\/uploads\/2020\/11\/levc-vn5-01.jpg\" alt=\"\" width=\"1200\" height=\"674\" data-lazy-srcset=\"https:\/\/www.automobile-propre.com\/wp-content\/uploads\/2020\/11\/levc-vn5-01.jpg 1200w, https:\/\/www.automobile-propre.com\/wp-content\/uploads\/2020\/11\/levc-vn5-01-1024x575.jpg 1024w, https:\/\/www.automobile-propre.com\/wp-content\/uploads\/2020\/11\/levc-vn5-01-768x431.jpg 768w, https:\/\/www.automobile-propre.com\/wp-content\/uploads\/2020\/11\/levc-vn5-01-620x348.jpg 620w, https:\/\/www.automobile-propre.com\/wp-content\/uploads\/2020\/11\/levc-vn5-01-960x539.jpg 960w\" data-lazy-sizes=\"(max-width: 1200px) 100vw, 1200px\" data-lazy-src=\"https:\/\/www.automobile-propre.com\/wp-content\/uploads\/2020\/11\/levc-vn5-01.jpg\" data-was-processed=\"true\" \/>London Electric Vehicle Company (LEVC), le fabricant des taxis londoniens de nouvelle g\u00e9n\u00e9ration, vient de d\u00e9marrer la production de son nouveau v\u00e9hicule nomm\u00e9 VN5.\u00a0 Comme le taxi londonien TX, le VN5 utilisera un prolongateur d&rsquo;autonomie et un ch\u00e2ssis en aluminium, qui lui permet d&rsquo;\u00eatre \u00e0 la fois l\u00e9ger et r\u00e9sistant \u00e0 long terme.\u00a0<a href=\"https:\/\/www.automobile-propre.com\/breves\/levc-a-lance-la-production-de-son-premier-utilitaire-electrique\/\" target=\"_blank\" rel=\"noopener noreferrer\">Lire la suite&#8230;<\/a><\/p>\n","protected":false},"excerpt":{"rendered":"<table>\n<tr>\n<td style=\"width:210px\"><a href=\"https:\/\/www.automobile-propre.com\/breves\/levc-a-lance-la-production-de-son-premier-utilitaire-electrique\/\"><img loading=\"lazy\" decoding=\"async\" width=\"186\" height=\"124\" src=\"https:\/\/www.automobile-propre.com\/wp-content\/uploads\/2020\/11\/6a00d8341c4fbe53ef026be421e7c8200d-500wi-190x126.jpg\" class=\"attachment-186x124 size-186x124 wp-post-image\" alt=\"\" \/><\/td>\n<td style=\"vertical-align:top\">London Electric Vehicle Company (LEVC), le fabricant des taxis londoniens de nouvelle g\u00e9n\u00e9ration, vient de d\u00e9marrer la production de son nouveau v\u00e9hicule nomm\u00e9 VN5.\u00a0 Comme le taxi londonien TX, le VN5 utilisera un prolongateur d&rsquo;autonomie et un ch\u00e2ssis en aluminium, qui lui permet d&rsquo;\u00eatre \u00e0 la fois l\u00e9ger et r\u00e9sistant \u00e0 long terme.<\/td>\n<\/tr>\n<\/table>\n<p>L\u2019article <a rel=\"nofollow\" href=\"https:\/\/www.automobile-propre.com\/breves\/levc-a-lance-la-production-de-son-premier-utilitaire-electrique\/\">LEVC a lanc\u00e9 la production de son premier utilitaire \u00e9lectrique<\/a> est apparu en premier sur <a rel=\"nofollow\" href=\"https:\/\/www.automobile-propre.com\">Automobile Propre<\/a>.<\/p>\n<p>  <a class=\"continue-reading-link\" href=\"https:\/\/www.evearly.news\/fr\/levc-a-lance-la-production-de-son-premier-utilitaire-electrique\/\"><\/a><\/p>\n","protected":false},"author":8,"featured_media":0,"comment_status":"closed","ping_status":"closed","sticky":false,"template":"","format":"standard","meta":{"footnotes":""},"categories":[8],"tags":[],"class_list":["post-77104","post","type-post","status-publish","format-standard","hentry","category-automobile-propre"],"_links":{"self":[{"href":"https:\/\/www.evearly.news\/fr\/wp-json\/wp\/v2\/posts\/77104","targetHints":{"allow":["GET"]}}],"collection":[{"href":"https:\/\/www.evearly.news\/fr\/wp-json\/wp\/v2\/posts"}],"about":[{"href":"https:\/\/www.evearly.news\/fr\/wp-json\/wp\/v2\/types\/post"}],"author":[{"embeddable":true,"href":"https:\/\/www.evearly.news\/fr\/wp-json\/wp\/v2\/users\/8"}],"replies":[{"embeddable":true,"href":"https:\/\/www.evearly.news\/fr\/wp-json\/wp\/v2\/comments?post=77104"}],"version-history":[{"count":0,"href":"https:\/\/www.evearly.news\/fr\/wp-json\/wp\/v2\/posts\/77104\/revisions"}],"wp:attachment":[{"href":"https:\/\/www.evearly.news\/fr\/wp-json\/wp\/v2\/media?parent=77104"}],"wp:term":[{"taxonomy":"category","embeddable":true,"href":"https:\/\/www.evearly.news\/fr\/wp-json\/wp\/v2\/categories?post=77104"},{"taxonomy":"post_tag","embeddable":true,"href":"https:\/\/www.evearly.news\/fr\/wp-json\/wp\/v2\/tags?post=77104"}],"curies":[{"name":"wp","href":"https:\/\/api.w.org\/{rel}","templated":true}]}}