{"id":77146,"date":"2020-11-11T17:43:08","date_gmt":"2020-11-11T16:43:08","guid":{"rendered":"http:\/\/www.avem.fr\/actualite-l-hiver-ne-fait-plus-peur-aux-voitures-electriques-8336.html"},"modified":"2023-08-17T19:05:18","modified_gmt":"2023-08-17T19:05:18","slug":"lhiver-ne-fait-plus-peur-aux-voitures-electriques","status":"publish","type":"post","link":"https:\/\/www.evearly.news\/fr\/lhiver-ne-fait-plus-peur-aux-voitures-electriques\/","title":{"rendered":"L&rsquo;hiver ne fait plus peur aux voitures \u00e9lectriques"},"content":{"rendered":"<p><img decoding=\"async\" src=\"https:\/\/www.avem.fr\/img\/news\/2020\/20201111161455.jpg\" \/>Il se vend en France chaque mois plusieurs milliers de voitures \u00e9lectriques neuves. Les nouveaux \u00e9lectromobiliens les conduisent \u00e0 peine diff\u00e9remment des mod\u00e8les thermiques. Et ce, gr\u00e2ce et de tr\u00e8s nombreuses am\u00e9liorations profondes introduites depuis une bonne dizaine d&rsquo;ann\u00e9es sur les v\u00e9hicules branch\u00e9s. Auparavant, l&rsquo;hiver \u00e9tait souvent per\u00e7u comme une source importante d&rsquo;inqui\u00e9tudes&#8230; <a href=\"https:\/\/www.avem.fr\/actualite-l-hiver-ne-fait-plus-peur-aux-voitures-electriques-8336.html\" target=\"_blank\" rel=\"noopener noreferrer\">Lire la suite&#8230;<\/a><\/p>\n","protected":false},"excerpt":{"rendered":"<p>&#8230; <a class=\"continue-reading-link\" href=\"https:\/\/www.evearly.news\/fr\/lhiver-ne-fait-plus-peur-aux-voitures-electriques\/\"><\/a><\/p>\n","protected":false},"author":3,"featured_media":0,"comment_status":"closed","ping_status":"closed","sticky":false,"template":"","format":"standard","meta":{"footnotes":""},"categories":[3],"tags":[],"class_list":["post-77146","post","type-post","status-publish","format-standard","hentry","category-avem"],"_links":{"self":[{"href":"https:\/\/www.evearly.news\/fr\/wp-json\/wp\/v2\/posts\/77146","targetHints":{"allow":["GET"]}}],"collection":[{"href":"https:\/\/www.evearly.news\/fr\/wp-json\/wp\/v2\/posts"}],"about":[{"href":"https:\/\/www.evearly.news\/fr\/wp-json\/wp\/v2\/types\/post"}],"author":[{"embeddable":true,"href":"https:\/\/www.evearly.news\/fr\/wp-json\/wp\/v2\/users\/3"}],"replies":[{"embeddable":true,"href":"https:\/\/www.evearly.news\/fr\/wp-json\/wp\/v2\/comments?post=77146"}],"version-history":[{"count":1,"href":"https:\/\/www.evearly.news\/fr\/wp-json\/wp\/v2\/posts\/77146\/revisions"}],"predecessor-version":[{"id":257151,"href":"https:\/\/www.evearly.news\/fr\/wp-json\/wp\/v2\/posts\/77146\/revisions\/257151"}],"wp:attachment":[{"href":"https:\/\/www.evearly.news\/fr\/wp-json\/wp\/v2\/media?parent=77146"}],"wp:term":[{"taxonomy":"category","embeddable":true,"href":"https:\/\/www.evearly.news\/fr\/wp-json\/wp\/v2\/categories?post=77146"},{"taxonomy":"post_tag","embeddable":true,"href":"https:\/\/www.evearly.news\/fr\/wp-json\/wp\/v2\/tags?post=77146"}],"curies":[{"name":"wp","href":"https:\/\/api.w.org\/{rel}","templated":true}]}}