{"id":78114,"date":"2020-11-18T06:00:04","date_gmt":"2020-11-18T05:00:04","guid":{"rendered":"http:\/\/www.avem.fr\/actualite-le-forfait-mobilites-durables-aussi-pour-les-trottinettes-electriques-8347.html"},"modified":"2023-08-17T19:05:08","modified_gmt":"2023-08-17T19:05:08","slug":"le-forfait-mobilites-durables-aussi-pour-les-trottinettes-electriques","status":"publish","type":"post","link":"https:\/\/www.evearly.news\/fr\/le-forfait-mobilites-durables-aussi-pour-les-trottinettes-electriques\/","title":{"rendered":"Le forfait mobilit\u00e9s durables aussi pour les trottinettes \u00e9lectriques"},"content":{"rendered":"<p><img decoding=\"async\" src=\"https:\/\/www.avem.fr\/img\/news\/2020\/20201117192228.jpg\" \/>Comme suite \u00e0 la mise en place de la loi d&rsquo;orientation des mobilit\u00e9s, le d\u00e9cret du 9 mai 2020 a instaur\u00e9 un forfait mobilit\u00e9s durables pour inciter les salari\u00e9s et les employeurs du priv\u00e9 \u00e0 exploiter les engins les moins \u00e9missifs pour r\u00e9aliser les trajets domicile-travail. Les EDPM (engin de d\u00e9placement personnel motoris\u00e9), dont les trottinettes font partie, s&rsquo;ajouteront aux v\u00e9los personnels,&#8230; <a href=\"https:\/\/www.avem.fr\/actualite-le-forfait-mobilites-durables-aussi-pour-les-trottinettes-electriques-8347.html\" target=\"_blank\" rel=\"noopener noreferrer\">Lire la suite&#8230;<\/a><\/p>\n","protected":false},"excerpt":{"rendered":"<p>&#8230; <a class=\"continue-reading-link\" href=\"https:\/\/www.evearly.news\/fr\/le-forfait-mobilites-durables-aussi-pour-les-trottinettes-electriques\/\"><\/a><\/p>\n","protected":false},"author":3,"featured_media":0,"comment_status":"closed","ping_status":"closed","sticky":false,"template":"","format":"standard","meta":{"footnotes":""},"categories":[3],"tags":[],"class_list":["post-78114","post","type-post","status-publish","format-standard","hentry","category-avem"],"_links":{"self":[{"href":"https:\/\/www.evearly.news\/fr\/wp-json\/wp\/v2\/posts\/78114","targetHints":{"allow":["GET"]}}],"collection":[{"href":"https:\/\/www.evearly.news\/fr\/wp-json\/wp\/v2\/posts"}],"about":[{"href":"https:\/\/www.evearly.news\/fr\/wp-json\/wp\/v2\/types\/post"}],"author":[{"embeddable":true,"href":"https:\/\/www.evearly.news\/fr\/wp-json\/wp\/v2\/users\/3"}],"replies":[{"embeddable":true,"href":"https:\/\/www.evearly.news\/fr\/wp-json\/wp\/v2\/comments?post=78114"}],"version-history":[{"count":1,"href":"https:\/\/www.evearly.news\/fr\/wp-json\/wp\/v2\/posts\/78114\/revisions"}],"predecessor-version":[{"id":257139,"href":"https:\/\/www.evearly.news\/fr\/wp-json\/wp\/v2\/posts\/78114\/revisions\/257139"}],"wp:attachment":[{"href":"https:\/\/www.evearly.news\/fr\/wp-json\/wp\/v2\/media?parent=78114"}],"wp:term":[{"taxonomy":"category","embeddable":true,"href":"https:\/\/www.evearly.news\/fr\/wp-json\/wp\/v2\/categories?post=78114"},{"taxonomy":"post_tag","embeddable":true,"href":"https:\/\/www.evearly.news\/fr\/wp-json\/wp\/v2\/tags?post=78114"}],"curies":[{"name":"wp","href":"https:\/\/api.w.org\/{rel}","templated":true}]}}