{"id":78337,"date":"2020-11-19T18:18:53","date_gmt":"2020-11-19T17:18:53","guid":{"rendered":"https:\/\/www.automobile-propre.com\/?post_type=breves&amp;p=102070"},"modified":"2020-11-19T18:18:53","modified_gmt":"2020-11-19T17:18:53","slug":"voiture-electrique-rivian-prevoit-des-modeles-specifiques-pour-leurope","status":"publish","type":"post","link":"https:\/\/www.evearly.news\/fr\/voiture-electrique-rivian-prevoit-des-modeles-specifiques-pour-leurope\/","title":{"rendered":"Voiture \u00e9lectrique\u00a0: Rivian pr\u00e9voit des mod\u00e8les sp\u00e9cifiques pour l\u2019Europe"},"content":{"rendered":"<p><img loading=\"lazy\" decoding=\"async\" class=\"attachment-medium size-medium wp-post-image lazyloaded\" src=\"https:\/\/www.automobile-propre.com\/wp-content\/uploads\/2020\/07\/Rivian-R1T-prototype-bleu-1200x800.jpg\" alt=\"\" width=\"1200\" height=\"800\" data-lazy-srcset=\"https:\/\/www.automobile-propre.com\/wp-content\/uploads\/2020\/07\/Rivian-R1T-prototype-bleu-1200x800.jpg 1200w, https:\/\/www.automobile-propre.com\/wp-content\/uploads\/2020\/07\/Rivian-R1T-prototype-bleu-1024x683.jpg 1024w, https:\/\/www.automobile-propre.com\/wp-content\/uploads\/2020\/07\/Rivian-R1T-prototype-bleu-140x93.jpg 140w, https:\/\/www.automobile-propre.com\/wp-content\/uploads\/2020\/07\/Rivian-R1T-prototype-bleu-768x512.jpg 768w, https:\/\/www.automobile-propre.com\/wp-content\/uploads\/2020\/07\/Rivian-R1T-prototype-bleu-1536x1024.jpg 1536w, https:\/\/www.automobile-propre.com\/wp-content\/uploads\/2020\/07\/Rivian-R1T-prototype-bleu-620x413.jpg 620w, https:\/\/www.automobile-propre.com\/wp-content\/uploads\/2020\/07\/Rivian-R1T-prototype-bleu-960x640.jpg 960w, https:\/\/www.automobile-propre.com\/wp-content\/uploads\/2020\/07\/Rivian-R1T-prototype-bleu-100x66.jpg 100w, https:\/\/www.automobile-propre.com\/wp-content\/uploads\/2020\/07\/Rivian-R1T-prototype-bleu-190x126.jpg 190w, https:\/\/www.automobile-propre.com\/wp-content\/uploads\/2020\/07\/Rivian-R1T-prototype-bleu-600x400.jpg 600w, https:\/\/www.automobile-propre.com\/wp-content\/uploads\/2020\/07\/Rivian-R1T-prototype-bleu.jpg 1920w\" data-lazy-sizes=\"(max-width: 1200px) 100vw, 1200px\" data-lazy-src=\"https:\/\/www.automobile-propre.com\/wp-content\/uploads\/2020\/07\/Rivian-R1T-prototype-bleu-1200x800.jpg\" data-was-processed=\"true\" \/>Soutenue par Ford et Amazon, la startup am\u00e9ricaine Rivian pr\u00e9voit de lancer de plus petites versions de ses deux premiers mod\u00e8les. Une fa\u00e7on de mieux r\u00e9pondre aux besoins des march\u00e9s chinois et europ\u00e9ens o\u00f9 les v\u00e9hicules de grands gabarits sont moins populaires.\u00a0<a href=\"https:\/\/www.automobile-propre.com\/breves\/voiture-electrique-rivian-prevoit-des-modeles-specifiques-pour-leurope\/\" target=\"_blank\" rel=\"noopener noreferrer\">Lire la suite&#8230;<\/a><\/p>\n","protected":false},"excerpt":{"rendered":"<table>\n<tr>\n<td style=\"width:210px\"><a href=\"https:\/\/www.automobile-propre.com\/breves\/voiture-electrique-rivian-prevoit-des-modeles-specifiques-pour-leurope\/\"><img loading=\"lazy\" decoding=\"async\" width=\"186\" height=\"124\" src=\"https:\/\/www.automobile-propre.com\/wp-content\/uploads\/2020\/07\/Rivian-R1T-prototype-bleu-190x126.jpg\" class=\"attachment-186x124 size-186x124 wp-post-image\" alt=\"\" \/><\/td>\n<td style=\"vertical-align:top\">Soutenue par Ford et Amazon, la startup am\u00e9ricaine Rivian pr\u00e9voit de lancer de plus petites versions de ses deux premiers mod\u00e8les. Une fa\u00e7on de mieux r\u00e9pondre aux besoins des march\u00e9s chinois et europ\u00e9ens o\u00f9 les v\u00e9hicules de grands gabarits sont moins populaires.<\/td>\n<\/tr>\n<\/table>\n<p>L\u2019article <a rel=\"nofollow\" href=\"https:\/\/www.automobile-propre.com\/breves\/voiture-electrique-rivian-prevoit-des-modeles-specifiques-pour-leurope\/\">Voiture \u00e9lectrique\u00a0: Rivian pr\u00e9voit des mod\u00e8les sp\u00e9cifiques pour l\u2019Europe<\/a> est apparu en premier sur <a rel=\"nofollow\" href=\"https:\/\/www.automobile-propre.com\">Automobile Propre<\/a>.<\/p>\n<p>  <a class=\"continue-reading-link\" href=\"https:\/\/www.evearly.news\/fr\/voiture-electrique-rivian-prevoit-des-modeles-specifiques-pour-leurope\/\"><\/a><\/p>\n","protected":false},"author":8,"featured_media":0,"comment_status":"closed","ping_status":"closed","sticky":false,"template":"","format":"standard","meta":{"footnotes":""},"categories":[8],"tags":[],"class_list":["post-78337","post","type-post","status-publish","format-standard","hentry","category-automobile-propre"],"_links":{"self":[{"href":"https:\/\/www.evearly.news\/fr\/wp-json\/wp\/v2\/posts\/78337","targetHints":{"allow":["GET"]}}],"collection":[{"href":"https:\/\/www.evearly.news\/fr\/wp-json\/wp\/v2\/posts"}],"about":[{"href":"https:\/\/www.evearly.news\/fr\/wp-json\/wp\/v2\/types\/post"}],"author":[{"embeddable":true,"href":"https:\/\/www.evearly.news\/fr\/wp-json\/wp\/v2\/users\/8"}],"replies":[{"embeddable":true,"href":"https:\/\/www.evearly.news\/fr\/wp-json\/wp\/v2\/comments?post=78337"}],"version-history":[{"count":0,"href":"https:\/\/www.evearly.news\/fr\/wp-json\/wp\/v2\/posts\/78337\/revisions"}],"wp:attachment":[{"href":"https:\/\/www.evearly.news\/fr\/wp-json\/wp\/v2\/media?parent=78337"}],"wp:term":[{"taxonomy":"category","embeddable":true,"href":"https:\/\/www.evearly.news\/fr\/wp-json\/wp\/v2\/categories?post=78337"},{"taxonomy":"post_tag","embeddable":true,"href":"https:\/\/www.evearly.news\/fr\/wp-json\/wp\/v2\/tags?post=78337"}],"curies":[{"name":"wp","href":"https:\/\/api.w.org\/{rel}","templated":true}]}}