{"id":80360,"date":"2020-12-09T17:23:35","date_gmt":"2020-12-09T16:23:35","guid":{"rendered":"http:\/\/www.avem.fr\/actualite-enedis-partenaire-de-la-mobilite-electrique-publie-un-nouveau-rapport-sur-le-pilotage-de-la-recharge-des-vehicules-electriques-et-le-reseau-de-distribution-8383.html"},"modified":"2023-08-17T19:04:40","modified_gmt":"2023-08-17T19:04:40","slug":"enedis-partenaire-de-la-mobilite-electrique-publie-un-nouveau-rapport-sur-le-pilotage-de-la-recharge-des-vehicules-electriques-et-le-reseau-de-distribution","status":"publish","type":"post","link":"https:\/\/www.evearly.news\/fr\/enedis-partenaire-de-la-mobilite-electrique-publie-un-nouveau-rapport-sur-le-pilotage-de-la-recharge-des-vehicules-electriques-et-le-reseau-de-distribution\/","title":{"rendered":"Enedis, partenaire de la mobilit\u00e9 \u00e9lectrique, publie un nouveau rapport sur le pilotage de la recharge des v\u00e9hicules \u00e9lectriques et le r\u00e9seau de distribution"},"content":{"rendered":"<p><img decoding=\"async\" src=\"https:\/\/www.avem.fr\/img\/news\/2020\/2020129164605.jpg\" \/>Apr\u00e8s la parution en novembre 2019 d&rsquo;un premier rapport sur l&rsquo;int\u00e9gration de la mobilit\u00e9 \u00e9lectrique au r\u00e9seau public de distribution d&rsquo;\u00e9lectricit\u00e9, Enedis, partenaire de la mobilit\u00e9 \u00e9lectrique partout et pour tous, publie aujourd&rsquo;hui un 2\u00e8me rapport consacr\u00e9 au pilotage de la recharge des v\u00e9hicules \u00e9lectriques et son int\u00e9r\u00eat pour le \u00ab consom&rsquo;acteur \u00bb et les acteurs de l&rsquo;\u00e9cosyst\u00e8me. <a href=\"https:\/\/www.avem.fr\/actualite-enedis-partenaire-de-la-mobilite-electrique-publie-un-nouveau-rapport-sur-le-pilotage-de-la-recharge-des-vehicules-electriques-et-le-reseau-de-distribution-8383.html\" target=\"_blank\" rel=\"noopener\">Lire la suite&#8230;<\/a><\/p>\n","protected":false},"excerpt":{"rendered":"<p>&#8230; <a class=\"continue-reading-link\" href=\"https:\/\/www.evearly.news\/fr\/enedis-partenaire-de-la-mobilite-electrique-publie-un-nouveau-rapport-sur-le-pilotage-de-la-recharge-des-vehicules-electriques-et-le-reseau-de-distribution\/\"><\/a><\/p>\n","protected":false},"author":3,"featured_media":0,"comment_status":"closed","ping_status":"closed","sticky":false,"template":"","format":"standard","meta":{"footnotes":""},"categories":[3],"tags":[],"class_list":["post-80360","post","type-post","status-publish","format-standard","hentry","category-avem"],"_links":{"self":[{"href":"https:\/\/www.evearly.news\/fr\/wp-json\/wp\/v2\/posts\/80360","targetHints":{"allow":["GET"]}}],"collection":[{"href":"https:\/\/www.evearly.news\/fr\/wp-json\/wp\/v2\/posts"}],"about":[{"href":"https:\/\/www.evearly.news\/fr\/wp-json\/wp\/v2\/types\/post"}],"author":[{"embeddable":true,"href":"https:\/\/www.evearly.news\/fr\/wp-json\/wp\/v2\/users\/3"}],"replies":[{"embeddable":true,"href":"https:\/\/www.evearly.news\/fr\/wp-json\/wp\/v2\/comments?post=80360"}],"version-history":[{"count":1,"href":"https:\/\/www.evearly.news\/fr\/wp-json\/wp\/v2\/posts\/80360\/revisions"}],"predecessor-version":[{"id":257104,"href":"https:\/\/www.evearly.news\/fr\/wp-json\/wp\/v2\/posts\/80360\/revisions\/257104"}],"wp:attachment":[{"href":"https:\/\/www.evearly.news\/fr\/wp-json\/wp\/v2\/media?parent=80360"}],"wp:term":[{"taxonomy":"category","embeddable":true,"href":"https:\/\/www.evearly.news\/fr\/wp-json\/wp\/v2\/categories?post=80360"},{"taxonomy":"post_tag","embeddable":true,"href":"https:\/\/www.evearly.news\/fr\/wp-json\/wp\/v2\/tags?post=80360"}],"curies":[{"name":"wp","href":"https:\/\/api.w.org\/{rel}","templated":true}]}}