{"id":80467,"date":"2020-12-10T13:13:07","date_gmt":"2020-12-10T12:13:07","guid":{"rendered":"http:\/\/www.avem.fr\/actualite-bonus-ecologiques-et-prime-a-la-conversion-ce-qui-change-et-ce-qui-va-changer-8385.html"},"modified":"2023-08-17T19:04:38","modified_gmt":"2023-08-17T19:04:38","slug":"bonus-ecologiques-et-prime-a-la-conversion-ce-qui-change-et-ce-qui-va-changer","status":"publish","type":"post","link":"https:\/\/www.evearly.news\/fr\/bonus-ecologiques-et-prime-a-la-conversion-ce-qui-change-et-ce-qui-va-changer\/","title":{"rendered":"Bonus \u00e9cologiques et prime \u00e0 la conversion : ce qui change et ce qui va changer"},"content":{"rendered":"<p><img decoding=\"async\" src=\"https:\/\/www.avem.fr\/img\/news\/2020\/20201210124746.jpg\" \/>Bonne nouvelle du d\u00e9cret n\u00b02020-1526 publi\u00e9 au Journal officiel du mardi 8 d\u00e9cembre 2020, un bonus de 1 000 euros pour les mod\u00e8les d&rsquo;occasion est d&rsquo;ores et d\u00e9j\u00e0 en vigueur et s&rsquo;applique aussi bien \u00e0 l&rsquo;achat qu&rsquo;\u00e0 la location longue dur\u00e9e d&rsquo;une dur\u00e9e sup\u00e9rieure ou \u00e9gale \u00e0 2 ans. Globalement, le texte ne fait que confirmer les annonces gouvernementales des derni\u00e8res semaines, et en particulier\u00a0la reconduction jusqu\u2019au 30 juin 2021 des dispositifs d\u00e9j\u00e0 en place. <a href=\"https:\/\/www.avem.fr\/actualite-bonus-ecologiques-et-prime-a-la-conversion-ce-qui-change-et-ce-qui-va-changer-8385.html\" target=\"_blank\" rel=\"noopener\">Lire la suite&#8230;<\/a><\/p>\n","protected":false},"excerpt":{"rendered":"<p>&#8230; <a class=\"continue-reading-link\" href=\"https:\/\/www.evearly.news\/fr\/bonus-ecologiques-et-prime-a-la-conversion-ce-qui-change-et-ce-qui-va-changer\/\"><\/a><\/p>\n","protected":false},"author":3,"featured_media":0,"comment_status":"closed","ping_status":"closed","sticky":false,"template":"","format":"standard","meta":{"footnotes":""},"categories":[3],"tags":[],"class_list":["post-80467","post","type-post","status-publish","format-standard","hentry","category-avem"],"_links":{"self":[{"href":"https:\/\/www.evearly.news\/fr\/wp-json\/wp\/v2\/posts\/80467","targetHints":{"allow":["GET"]}}],"collection":[{"href":"https:\/\/www.evearly.news\/fr\/wp-json\/wp\/v2\/posts"}],"about":[{"href":"https:\/\/www.evearly.news\/fr\/wp-json\/wp\/v2\/types\/post"}],"author":[{"embeddable":true,"href":"https:\/\/www.evearly.news\/fr\/wp-json\/wp\/v2\/users\/3"}],"replies":[{"embeddable":true,"href":"https:\/\/www.evearly.news\/fr\/wp-json\/wp\/v2\/comments?post=80467"}],"version-history":[{"count":1,"href":"https:\/\/www.evearly.news\/fr\/wp-json\/wp\/v2\/posts\/80467\/revisions"}],"predecessor-version":[{"id":257102,"href":"https:\/\/www.evearly.news\/fr\/wp-json\/wp\/v2\/posts\/80467\/revisions\/257102"}],"wp:attachment":[{"href":"https:\/\/www.evearly.news\/fr\/wp-json\/wp\/v2\/media?parent=80467"}],"wp:term":[{"taxonomy":"category","embeddable":true,"href":"https:\/\/www.evearly.news\/fr\/wp-json\/wp\/v2\/categories?post=80467"},{"taxonomy":"post_tag","embeddable":true,"href":"https:\/\/www.evearly.news\/fr\/wp-json\/wp\/v2\/tags?post=80467"}],"curies":[{"name":"wp","href":"https:\/\/api.w.org\/{rel}","templated":true}]}}