{"id":84770,"date":"2021-01-06T17:21:40","date_gmt":"2021-01-06T16:21:40","guid":{"rendered":"https:\/\/www.automobile-propre.com\/?post_type=breves&amp;p=105770"},"modified":"2021-01-06T17:21:40","modified_gmt":"2021-01-06T16:21:40","slug":"la-plateforme-de-gm-pourrait-equiper-les-futures-voitures-electriques-de-honda","status":"publish","type":"post","link":"https:\/\/www.evearly.news\/fr\/la-plateforme-de-gm-pourrait-equiper-les-futures-voitures-electriques-de-honda\/","title":{"rendered":"La plateforme de GM pourrait \u00e9quiper les futures voitures \u00e9lectriques de Honda"},"content":{"rendered":"<p><img loading=\"lazy\" decoding=\"async\" class=\"attachment-medium size-medium wp-post-image\" src=\"https:\/\/www.automobile-propre.com\/wp-content\/uploads\/2021\/01\/f728c02944_50161031_general-motors-ultium-2.jpg\" alt=\"\" width=\"1024\" height=\"681\" \/>Les plans d&rsquo;une alliance nord-am\u00e9ricaine entre General Motors et Honda semblent se confirmer, et pourraient concerner un partage de plateforme pour les voitures \u00e9lectriques, ainsi que celui des infrastructures li\u00e9es \u00e0 la construction des voitures &lsquo;z\u00e9ro \u00e9mission&rsquo; pour les march\u00e9s am\u00e9ricain et canadien.\u00a0<a href=\"https:\/\/www.automobile-propre.com\/breves\/la-plateforme-de-gm-pourrait-equiper-les-futures-voitures-electriques-de-honda\/\" target=\"_blank\" rel=\"noopener\">Lire la suite&#8230;<\/a><\/p>\n","protected":false},"excerpt":{"rendered":"<table>\n<tr>\n<td style=\"width:210px\"><a href=\"https:\/\/www.automobile-propre.com\/breves\/la-plateforme-de-gm-pourrait-equiper-les-futures-voitures-electriques-de-honda\/\"><img loading=\"lazy\" decoding=\"async\" width=\"186\" height=\"124\" src=\"https:\/\/news.evearly.com\/wp-content\/uploads\/2021\/01\/la-plateforme-de-gm-pourrait-equiper-les-futures-voitures-electriques-de-honda.jpg\" class=\"attachment-186x124 size-186x124 wp-post-image\" alt=\"\" \/><\/td>\n<td style=\"vertical-align:top\">Les plans d&rsquo;une alliance nord-am\u00e9ricaine entre General Motors et Honda semblent se confirmer, et pourraient concerner un partage de plateforme pour les voitures \u00e9lectriques, ainsi que celui des infrastructures li\u00e9es \u00e0 la construction des voitures &lsquo;z\u00e9ro \u00e9mission&rsquo; pour les march\u00e9s am\u00e9ricain et canadien.<\/td>\n<\/tr>\n<\/table>\n<p>L\u2019article <a rel=\"nofollow\" href=\"https:\/\/www.automobile-propre.com\/breves\/la-plateforme-de-gm-pourrait-equiper-les-futures-voitures-electriques-de-honda\/\">La plateforme de GM pourrait \u00e9quiper les futures voitures \u00e9lectriques de Honda<\/a> est apparu en premier sur <a rel=\"nofollow\" href=\"https:\/\/www.automobile-propre.com\">Automobile Propre<\/a>.<\/p>\n<p>  <a class=\"continue-reading-link\" href=\"https:\/\/www.evearly.news\/fr\/la-plateforme-de-gm-pourrait-equiper-les-futures-voitures-electriques-de-honda\/\"><\/a><\/p>\n","protected":false},"author":8,"featured_media":0,"comment_status":"closed","ping_status":"closed","sticky":false,"template":"","format":"standard","meta":{"footnotes":""},"categories":[8],"tags":[],"class_list":["post-84770","post","type-post","status-publish","format-standard","hentry","category-automobile-propre"],"_links":{"self":[{"href":"https:\/\/www.evearly.news\/fr\/wp-json\/wp\/v2\/posts\/84770","targetHints":{"allow":["GET"]}}],"collection":[{"href":"https:\/\/www.evearly.news\/fr\/wp-json\/wp\/v2\/posts"}],"about":[{"href":"https:\/\/www.evearly.news\/fr\/wp-json\/wp\/v2\/types\/post"}],"author":[{"embeddable":true,"href":"https:\/\/www.evearly.news\/fr\/wp-json\/wp\/v2\/users\/8"}],"replies":[{"embeddable":true,"href":"https:\/\/www.evearly.news\/fr\/wp-json\/wp\/v2\/comments?post=84770"}],"version-history":[{"count":0,"href":"https:\/\/www.evearly.news\/fr\/wp-json\/wp\/v2\/posts\/84770\/revisions"}],"wp:attachment":[{"href":"https:\/\/www.evearly.news\/fr\/wp-json\/wp\/v2\/media?parent=84770"}],"wp:term":[{"taxonomy":"category","embeddable":true,"href":"https:\/\/www.evearly.news\/fr\/wp-json\/wp\/v2\/categories?post=84770"},{"taxonomy":"post_tag","embeddable":true,"href":"https:\/\/www.evearly.news\/fr\/wp-json\/wp\/v2\/tags?post=84770"}],"curies":[{"name":"wp","href":"https:\/\/api.w.org\/{rel}","templated":true}]}}