{"id":84973,"date":"2021-01-07T20:14:46","date_gmt":"2021-01-07T19:14:46","guid":{"rendered":"https:\/\/www.auto-moto.com\/?p=260237"},"modified":"2021-01-07T20:14:46","modified_gmt":"2021-01-07T19:14:46","slug":"en-norvege-lelectrique-detrone-le-thermique","status":"publish","type":"post","link":"https:\/\/www.evearly.news\/fr\/en-norvege-lelectrique-detrone-le-thermique\/","title":{"rendered":"En Norv\u00e8ge, l\u2019\u00e9lectrique d\u00e9tr\u00f4ne le thermique"},"content":{"rendered":"<div class=\"image_top_single\"><a class=\"top_img\" title=\"En Norv\u00e8ge, l\u2019\u00e9lectrique d\u00e9tr\u00f4ne le thermique\" href=\"https:\/\/sf1.auto-moto.com\/wp-content\/uploads\/sites\/9\/2019\/06\/recharge-voiture-electrique-.jpg\"><img loading=\"lazy\" decoding=\"async\" class=\"img-responsive alignnone size-full pinit-here zoom-it\" src=\"https:\/\/sf1.auto-moto.com\/wp-content\/uploads\/sites\/9\/2019\/06\/recharge-voiture-electrique--750x410.jpg\" alt=\"\" width=\"750\" height=\"410\" data-lazyloading=\"false\" \/><\/a>En 2020, les ventes de voitures \u00e9lectriques ont atteint une proportion record en Norv\u00e8ge, apr\u00e8s avoir d\u00e9pass\u00e9 celles de leurs homologues thermiques.\u00a0<a href=\"https:\/\/www.auto-moto.com\/actualite\/norvege-lelectrique-detrone-thermique-260237.html?utm_source=rss_feed&amp;utm_medium=link&amp;utm_campaign=unknown\" target=\"_blank\" rel=\"noopener\">Lire la suite&#8230;<\/a><\/div>\n","protected":false},"excerpt":{"rendered":"<p>En 2020, les ventes de voitures \u00e9lectriques ont atteint une proportion record en Norv\u00e8ge, apr\u00e8s avoir d\u00e9pass\u00e9 celles de leurs homologues thermiques.<br \/>\nThe post En Norv\u00e8ge, l&rsquo;\u00e9lectrique d\u00e9tr\u00f4ne le thermique appeared first on Auto moto : magazine auto et moto. &#8230; <a class=\"continue-reading-link\" href=\"https:\/\/www.evearly.news\/fr\/en-norvege-lelectrique-detrone-le-thermique\/\"><\/a><\/p>\n","protected":false},"author":9,"featured_media":0,"comment_status":"closed","ping_status":"closed","sticky":false,"template":"","format":"standard","meta":{"footnotes":""},"categories":[10],"tags":[],"class_list":["post-84973","post","type-post","status-publish","format-standard","hentry","category-auto-moto-com"],"_links":{"self":[{"href":"https:\/\/www.evearly.news\/fr\/wp-json\/wp\/v2\/posts\/84973","targetHints":{"allow":["GET"]}}],"collection":[{"href":"https:\/\/www.evearly.news\/fr\/wp-json\/wp\/v2\/posts"}],"about":[{"href":"https:\/\/www.evearly.news\/fr\/wp-json\/wp\/v2\/types\/post"}],"author":[{"embeddable":true,"href":"https:\/\/www.evearly.news\/fr\/wp-json\/wp\/v2\/users\/9"}],"replies":[{"embeddable":true,"href":"https:\/\/www.evearly.news\/fr\/wp-json\/wp\/v2\/comments?post=84973"}],"version-history":[{"count":0,"href":"https:\/\/www.evearly.news\/fr\/wp-json\/wp\/v2\/posts\/84973\/revisions"}],"wp:attachment":[{"href":"https:\/\/www.evearly.news\/fr\/wp-json\/wp\/v2\/media?parent=84973"}],"wp:term":[{"taxonomy":"category","embeddable":true,"href":"https:\/\/www.evearly.news\/fr\/wp-json\/wp\/v2\/categories?post=84973"},{"taxonomy":"post_tag","embeddable":true,"href":"https:\/\/www.evearly.news\/fr\/wp-json\/wp\/v2\/tags?post=84973"}],"curies":[{"name":"wp","href":"https:\/\/api.w.org\/{rel}","templated":true}]}}