{"id":86663,"date":"2021-01-24T09:32:48","date_gmt":"2021-01-24T08:32:48","guid":{"rendered":"https:\/\/www.automobile-propre.com\/?p=107616"},"modified":"2021-01-24T09:32:48","modified_gmt":"2021-01-24T08:32:48","slug":"volkswagen-id-3-tout-savoir-sur-la-gamme-et-les-tarifs-2021","status":"publish","type":"post","link":"https:\/\/www.evearly.news\/fr\/volkswagen-id-3-tout-savoir-sur-la-gamme-et-les-tarifs-2021\/","title":{"rendered":"Volkswagen ID.3\u00a0: tout savoir sur la gamme et les tarifs 2021"},"content":{"rendered":"<p><img loading=\"lazy\" decoding=\"async\" class=\"wp-image-107618 size-full\" title=\"La Volkswagen ID.3 2021 \" src=\"https:\/\/www.automobile-propre.com\/wp-content\/uploads\/2021\/01\/vw-id3-2021-03.jpg\" alt=\"La Volkswagen ID.3 2021 \" width=\"1242\" height=\"750\" aria-describedby=\"caption-attachment-107618\" \/>Lanc\u00e9e en fin d\u2019ann\u00e9e derni\u00e8re, la compacte \u00e9lectrique de Volkswagen s\u2019enrichit des versions Pure Performance et Pro. Quelles sont leurs prix et caract\u00e9ristiques ? Comment est construite la gamme ID.3 2021 ? Automobile Propre fait le point. <a style=\"font-size: inherit\" href=\"https:\/\/www.automobile-propre.com\/volkswagen-id-3-tout-savoir-sur-la-gamme-et-les-tarifs-2021\/\" target=\"_blank\" rel=\"noopener\">Lire la suite&#8230;<\/a><\/p>\n","protected":false},"excerpt":{"rendered":"<p>Lanc\u00e9e en fin d\u2019ann\u00e9e derni\u00e8re, la compacte \u00e9lectrique de Volkswagen s&rsquo;enrichit des versions Pure Performance et Pro. Quelles sont leurs prix et caract\u00e9ristiques ? Comment est construite la gamme ID.3 2021 ? Automobile Propre fait le point.<\/p>\n<p>L\u2019article Volkswagen ID.3\u00a0: tout savoir sur la gamme et les tarifs 2021 est apparu en premier sur Automobile Propre. &#8230; <a class=\"continue-reading-link\" href=\"https:\/\/www.evearly.news\/fr\/volkswagen-id-3-tout-savoir-sur-la-gamme-et-les-tarifs-2021\/\"><\/a><\/p>\n","protected":false},"author":8,"featured_media":0,"comment_status":"closed","ping_status":"closed","sticky":false,"template":"","format":"standard","meta":{"footnotes":""},"categories":[8],"tags":[],"class_list":["post-86663","post","type-post","status-publish","format-standard","hentry","category-automobile-propre"],"_links":{"self":[{"href":"https:\/\/www.evearly.news\/fr\/wp-json\/wp\/v2\/posts\/86663","targetHints":{"allow":["GET"]}}],"collection":[{"href":"https:\/\/www.evearly.news\/fr\/wp-json\/wp\/v2\/posts"}],"about":[{"href":"https:\/\/www.evearly.news\/fr\/wp-json\/wp\/v2\/types\/post"}],"author":[{"embeddable":true,"href":"https:\/\/www.evearly.news\/fr\/wp-json\/wp\/v2\/users\/8"}],"replies":[{"embeddable":true,"href":"https:\/\/www.evearly.news\/fr\/wp-json\/wp\/v2\/comments?post=86663"}],"version-history":[{"count":0,"href":"https:\/\/www.evearly.news\/fr\/wp-json\/wp\/v2\/posts\/86663\/revisions"}],"wp:attachment":[{"href":"https:\/\/www.evearly.news\/fr\/wp-json\/wp\/v2\/media?parent=86663"}],"wp:term":[{"taxonomy":"category","embeddable":true,"href":"https:\/\/www.evearly.news\/fr\/wp-json\/wp\/v2\/categories?post=86663"},{"taxonomy":"post_tag","embeddable":true,"href":"https:\/\/www.evearly.news\/fr\/wp-json\/wp\/v2\/tags?post=86663"}],"curies":[{"name":"wp","href":"https:\/\/api.w.org\/{rel}","templated":true}]}}