{"id":86686,"date":"2021-01-24T11:44:42","date_gmt":"2021-01-24T10:44:42","guid":{"rendered":"https:\/\/www.automobile-propre.com\/?post_type=breves&amp;p=107614"},"modified":"2021-01-24T11:44:42","modified_gmt":"2021-01-24T10:44:42","slug":"vinfast-veut-conquerir-leurope-avec-trois-suv-electriques-inedits","status":"publish","type":"post","link":"https:\/\/www.evearly.news\/fr\/vinfast-veut-conquerir-leurope-avec-trois-suv-electriques-inedits\/","title":{"rendered":"Vinfast veut conqu\u00e9rir l\u2019Europe avec trois SUV \u00e9lectriques in\u00e9dits"},"content":{"rendered":"<p><img loading=\"lazy\" decoding=\"async\" class=\"attachment-medium size-medium wp-post-image\" src=\"https:\/\/www.automobile-propre.com\/wp-content\/uploads\/2021\/01\/Vinfast-SUV-Electrique-02.jpeg\" alt=\"\" width=\"1200\" height=\"800\" \/>Visant le statut de constructeur mondial, VinFast a lanc\u00e9 son offensive de SUV \u00e9lectriques avec trois nouveaux mod\u00e8les.\u00a0<a href=\"https:\/\/www.automobile-propre.com\/breves\/vinfast-veut-conquerir-leurope-avec-trois-suv-electriques-inedits\/\" target=\"_blank\" rel=\"noopener\">Lire la suite&#8230;<\/a><\/p>\n","protected":false},"excerpt":{"rendered":"<p>Visant le statut de constructeur mondial, VinFast a lanc\u00e9 son offensive de SUV \u00e9lectriques avec trois nouveaux mod\u00e8les.<\/p>\n<p>L\u2019article Vinfast veut conqu\u00e9rir l\u2019Europe avec trois SUV \u00e9lectriques in\u00e9dits est apparu en premier sur Automobile Propre. &#8230; <a class=\"continue-reading-link\" href=\"https:\/\/www.evearly.news\/fr\/vinfast-veut-conquerir-leurope-avec-trois-suv-electriques-inedits\/\"><\/a><\/p>\n","protected":false},"author":8,"featured_media":0,"comment_status":"closed","ping_status":"closed","sticky":false,"template":"","format":"standard","meta":{"footnotes":""},"categories":[8],"tags":[],"class_list":["post-86686","post","type-post","status-publish","format-standard","hentry","category-automobile-propre"],"_links":{"self":[{"href":"https:\/\/www.evearly.news\/fr\/wp-json\/wp\/v2\/posts\/86686","targetHints":{"allow":["GET"]}}],"collection":[{"href":"https:\/\/www.evearly.news\/fr\/wp-json\/wp\/v2\/posts"}],"about":[{"href":"https:\/\/www.evearly.news\/fr\/wp-json\/wp\/v2\/types\/post"}],"author":[{"embeddable":true,"href":"https:\/\/www.evearly.news\/fr\/wp-json\/wp\/v2\/users\/8"}],"replies":[{"embeddable":true,"href":"https:\/\/www.evearly.news\/fr\/wp-json\/wp\/v2\/comments?post=86686"}],"version-history":[{"count":0,"href":"https:\/\/www.evearly.news\/fr\/wp-json\/wp\/v2\/posts\/86686\/revisions"}],"wp:attachment":[{"href":"https:\/\/www.evearly.news\/fr\/wp-json\/wp\/v2\/media?parent=86686"}],"wp:term":[{"taxonomy":"category","embeddable":true,"href":"https:\/\/www.evearly.news\/fr\/wp-json\/wp\/v2\/categories?post=86686"},{"taxonomy":"post_tag","embeddable":true,"href":"https:\/\/www.evearly.news\/fr\/wp-json\/wp\/v2\/tags?post=86686"}],"curies":[{"name":"wp","href":"https:\/\/api.w.org\/{rel}","templated":true}]}}