{"id":86700,"date":"2021-01-24T17:17:16","date_gmt":"2021-01-24T16:17:16","guid":{"rendered":"https:\/\/www.automobile-propre.com\/?post_type=breves&amp;p=105264"},"modified":"2021-01-24T17:17:16","modified_gmt":"2021-01-24T16:17:16","slug":"volkswagen-id-4-un-configurateur-en-realite-augmentee","status":"publish","type":"post","link":"https:\/\/www.evearly.news\/fr\/volkswagen-id-4-un-configurateur-en-realite-augmentee\/","title":{"rendered":"Volkswagen\u00a0ID.4\u00a0: un configurateur en r\u00e9alit\u00e9 augment\u00e9e"},"content":{"rendered":"<p><img loading=\"lazy\" decoding=\"async\" class=\"attachment-medium size-medium wp-post-image\" src=\"https:\/\/www.automobile-propre.com\/wp-content\/uploads\/2021\/01\/Volkswagen-ID4-VR-Configurateur-03.jpg\" alt=\"\" width=\"1200\" height=\"800\" \/>Pour patienter avant son arriv\u00e9e, le Volkswagen ID.4 peut \u00eatre explor\u00e9 \u00e0 travers un configurateur en r\u00e9alit\u00e9 augment\u00e9e.\u00a0<a href=\"https:\/\/www.automobile-propre.com\/breves\/volkswagen-id-4-un-configurateur-en-realite-augmentee\/\" target=\"_blank\" rel=\"noopener\">Lire la suite&#8230;<\/a><\/p>\n","protected":false},"excerpt":{"rendered":"<p>Pour patienter avant son arriv\u00e9e, le Volkswagen\u00a0ID.4 peut \u00eatre explor\u00e9 \u00e0 travers un configurateur en r\u00e9alit\u00e9 augment\u00e9e. <\/p>\n<p>L\u2019article Volkswagen\u00a0ID.4\u00a0: un configurateur en r\u00e9alit\u00e9 augment\u00e9e est apparu en premier sur Automobile Propre. &#8230; <a class=\"continue-reading-link\" href=\"https:\/\/www.evearly.news\/fr\/volkswagen-id-4-un-configurateur-en-realite-augmentee\/\"><\/a><\/p>\n","protected":false},"author":8,"featured_media":0,"comment_status":"closed","ping_status":"closed","sticky":false,"template":"","format":"standard","meta":{"footnotes":""},"categories":[8],"tags":[],"class_list":["post-86700","post","type-post","status-publish","format-standard","hentry","category-automobile-propre"],"_links":{"self":[{"href":"https:\/\/www.evearly.news\/fr\/wp-json\/wp\/v2\/posts\/86700","targetHints":{"allow":["GET"]}}],"collection":[{"href":"https:\/\/www.evearly.news\/fr\/wp-json\/wp\/v2\/posts"}],"about":[{"href":"https:\/\/www.evearly.news\/fr\/wp-json\/wp\/v2\/types\/post"}],"author":[{"embeddable":true,"href":"https:\/\/www.evearly.news\/fr\/wp-json\/wp\/v2\/users\/8"}],"replies":[{"embeddable":true,"href":"https:\/\/www.evearly.news\/fr\/wp-json\/wp\/v2\/comments?post=86700"}],"version-history":[{"count":0,"href":"https:\/\/www.evearly.news\/fr\/wp-json\/wp\/v2\/posts\/86700\/revisions"}],"wp:attachment":[{"href":"https:\/\/www.evearly.news\/fr\/wp-json\/wp\/v2\/media?parent=86700"}],"wp:term":[{"taxonomy":"category","embeddable":true,"href":"https:\/\/www.evearly.news\/fr\/wp-json\/wp\/v2\/categories?post=86700"},{"taxonomy":"post_tag","embeddable":true,"href":"https:\/\/www.evearly.news\/fr\/wp-json\/wp\/v2\/tags?post=86700"}],"curies":[{"name":"wp","href":"https:\/\/api.w.org\/{rel}","templated":true}]}}