{"id":86708,"date":"2021-01-24T18:47:16","date_gmt":"2021-01-24T17:47:16","guid":{"rendered":"https:\/\/www.automobile-propre.com\/?post_type=breves&amp;p=107612"},"modified":"2021-01-24T18:47:16","modified_gmt":"2021-01-24T17:47:16","slug":"la-cupra-el-born-sechauffe-sur-le-nurburgring-avant-son-arrivee","status":"publish","type":"post","link":"https:\/\/www.evearly.news\/fr\/la-cupra-el-born-sechauffe-sur-le-nurburgring-avant-son-arrivee\/","title":{"rendered":"La Cupra el-Born s\u2019\u00e9chauffe sur le N\u00fcrburgring avant son arriv\u00e9e"},"content":{"rendered":"<p><img loading=\"lazy\" decoding=\"async\" class=\"attachment-medium size-medium wp-post-image\" src=\"https:\/\/www.automobile-propre.com\/wp-content\/uploads\/2020\/07\/Cupra-el-Born-1.jpg\" alt=\"\" width=\"1200\" height=\"800\" \/>Alors que la Cupra el-Born s\u2019appr\u00eate \u00e0 voir le jour, la compacte sportive \u00e9lectrique fait ses derniers entra\u00eenements sur le N\u00fcrbugring.\u00a0<a href=\"https:\/\/www.automobile-propre.com\/breves\/la-cupra-el-born-sechauffe-sur-le-nurburgring-avant-son-arrivee\/\" target=\"_blank\" rel=\"noopener\">Lire la suite&#8230;<\/a><\/p>\n","protected":false},"excerpt":{"rendered":"<p>Alors que la Cupra el-Born s\u2019appr\u00eate \u00e0 voir le jour, la compacte sportive \u00e9lectrique fait ses derniers entra\u00eenements sur le N\u00fcrbugring.<\/p>\n<p>L\u2019article La Cupra el-Born s\u2019\u00e9chauffe sur le N\u00fcrburgring avant son arriv\u00e9e est apparu en premier sur Automobile Propre. &#8230; <a class=\"continue-reading-link\" href=\"https:\/\/www.evearly.news\/fr\/la-cupra-el-born-sechauffe-sur-le-nurburgring-avant-son-arrivee\/\"><\/a><\/p>\n","protected":false},"author":8,"featured_media":0,"comment_status":"closed","ping_status":"closed","sticky":false,"template":"","format":"standard","meta":{"footnotes":""},"categories":[8],"tags":[],"class_list":["post-86708","post","type-post","status-publish","format-standard","hentry","category-automobile-propre"],"_links":{"self":[{"href":"https:\/\/www.evearly.news\/fr\/wp-json\/wp\/v2\/posts\/86708","targetHints":{"allow":["GET"]}}],"collection":[{"href":"https:\/\/www.evearly.news\/fr\/wp-json\/wp\/v2\/posts"}],"about":[{"href":"https:\/\/www.evearly.news\/fr\/wp-json\/wp\/v2\/types\/post"}],"author":[{"embeddable":true,"href":"https:\/\/www.evearly.news\/fr\/wp-json\/wp\/v2\/users\/8"}],"replies":[{"embeddable":true,"href":"https:\/\/www.evearly.news\/fr\/wp-json\/wp\/v2\/comments?post=86708"}],"version-history":[{"count":0,"href":"https:\/\/www.evearly.news\/fr\/wp-json\/wp\/v2\/posts\/86708\/revisions"}],"wp:attachment":[{"href":"https:\/\/www.evearly.news\/fr\/wp-json\/wp\/v2\/media?parent=86708"}],"wp:term":[{"taxonomy":"category","embeddable":true,"href":"https:\/\/www.evearly.news\/fr\/wp-json\/wp\/v2\/categories?post=86708"},{"taxonomy":"post_tag","embeddable":true,"href":"https:\/\/www.evearly.news\/fr\/wp-json\/wp\/v2\/tags?post=86708"}],"curies":[{"name":"wp","href":"https:\/\/api.w.org\/{rel}","templated":true}]}}