{"id":86711,"date":"2021-01-25T06:00:17","date_gmt":"2021-01-25T05:00:17","guid":{"rendered":"http:\/\/www.avem.fr\/actualite-mercedes-presente-l-eqa-un-suv-compact-100-electrique-8450.html"},"modified":"2023-08-17T18:58:27","modified_gmt":"2023-08-17T18:58:27","slug":"mercedes-presente-leqa-un-suv-compact-100-electrique","status":"publish","type":"post","link":"https:\/\/www.evearly.news\/fr\/mercedes-presente-leqa-un-suv-compact-100-electrique\/","title":{"rendered":"Mercedes pr\u00e9sente l&rsquo;EQA, un SUV compact 100% \u00e9lectrique"},"content":{"rendered":"<p><img decoding=\"async\" src=\"https:\/\/www.avem.fr\/img\/news\/2021\/20210124170130.jpg\" \/>Mercedes a pr\u00e9sent\u00e9 la semaine derni\u00e8re son nouveau SUV \u00e9lectrique. L&rsquo;EQA est le nouveau mod\u00e8le d&rsquo;entr\u00e9e de gamme dans le monde enti\u00e8rement \u00e9lectrique de Mercedes EQ. Il est par ailleurs un membre \u00e0 part enti\u00e8re de la famille de voitures compactes de la marque \u00e0 l&rsquo;\u00e9toile. Cousin du GLA, le Mercedes EQA associe toutes les caract\u00e9ristiques exaltantes de ce mod\u00e8le \u00e0 un entra\u00eenement \u00e9lectrique&#8230;<a href=\"https:\/\/www.avem.fr\/actualite-mercedes-presente-l-eqa-un-suv-compact-100-electrique-8450.html\" target=\"_blank\" rel=\"noopener\">Lire la suite&#8230;<\/a><\/p>\n","protected":false},"excerpt":{"rendered":"<p>&#8230; <a class=\"continue-reading-link\" href=\"https:\/\/www.evearly.news\/fr\/mercedes-presente-leqa-un-suv-compact-100-electrique\/\"><\/a><\/p>\n","protected":false},"author":3,"featured_media":0,"comment_status":"closed","ping_status":"closed","sticky":false,"template":"","format":"standard","meta":{"footnotes":""},"categories":[3],"tags":[],"class_list":["post-86711","post","type-post","status-publish","format-standard","hentry","category-avem"],"_links":{"self":[{"href":"https:\/\/www.evearly.news\/fr\/wp-json\/wp\/v2\/posts\/86711","targetHints":{"allow":["GET"]}}],"collection":[{"href":"https:\/\/www.evearly.news\/fr\/wp-json\/wp\/v2\/posts"}],"about":[{"href":"https:\/\/www.evearly.news\/fr\/wp-json\/wp\/v2\/types\/post"}],"author":[{"embeddable":true,"href":"https:\/\/www.evearly.news\/fr\/wp-json\/wp\/v2\/users\/3"}],"replies":[{"embeddable":true,"href":"https:\/\/www.evearly.news\/fr\/wp-json\/wp\/v2\/comments?post=86711"}],"version-history":[{"count":1,"href":"https:\/\/www.evearly.news\/fr\/wp-json\/wp\/v2\/posts\/86711\/revisions"}],"predecessor-version":[{"id":257039,"href":"https:\/\/www.evearly.news\/fr\/wp-json\/wp\/v2\/posts\/86711\/revisions\/257039"}],"wp:attachment":[{"href":"https:\/\/www.evearly.news\/fr\/wp-json\/wp\/v2\/media?parent=86711"}],"wp:term":[{"taxonomy":"category","embeddable":true,"href":"https:\/\/www.evearly.news\/fr\/wp-json\/wp\/v2\/categories?post=86711"},{"taxonomy":"post_tag","embeddable":true,"href":"https:\/\/www.evearly.news\/fr\/wp-json\/wp\/v2\/tags?post=86711"}],"curies":[{"name":"wp","href":"https:\/\/api.w.org\/{rel}","templated":true}]}}