{"id":86714,"date":"2021-01-25T07:03:12","date_gmt":"2021-01-25T06:03:12","guid":{"rendered":"https:\/\/news.evearly.com\/?p=86714"},"modified":"2021-01-25T07:03:12","modified_gmt":"2021-01-25T06:03:12","slug":"voiture-electrique-pourquoi-82-des-proprietaires-en-racheteront-une","status":"publish","type":"post","link":"https:\/\/www.evearly.news\/fr\/voiture-electrique-pourquoi-82-des-proprietaires-en-racheteront-une\/","title":{"rendered":"Voiture \u00e9lectrique : pourquoi 82 % des propri\u00e9taires en rach\u00e8teront une ?"},"content":{"rendered":"<p><img decoding=\"async\" src=\"https:\/\/www.breezcar.com\/img-c\/pageimg\/5073_W750.jpg\" alt=\"Pour 82 % des propri\u00e9taires am\u00e9ricains d\u2019une voiture \u00e9lectrique, il est \u00ab certain \u00bb que leur prochain mod\u00e8le sera lui aussi \u00e0 batteries\" \/>Selon la premi\u00e8re \u00e9tude EVX d\u00e9di\u00e9e \u00e0 la satisfaction des clients de voitures \u00e9lectriques men\u00e9e par JD Power aux \u00c9tats-Unis, 82 % des interrog\u00e9s d\u00e9clarent vouloir \u00ab certainement \u00bb racheter un autre v\u00e9hicule \u00ab z\u00e9ro \u00e9mission \u00bb \u00e0 l\u2019avenir. Mais pas forc\u00e9ment de la m\u00eame marque, encore moins si la promesse d\u2019une autonomie th\u00e9orique n\u2019est pas tenue et si les \u00e9conomies ne sont pas au rendez-vous. <a href=\"https:\/\/www.breezcar.com\/actualites\/article\/voiture-electrique-satisfaits-82-des-proprietaires-en-redemandent-0121\" target=\"_blank\" rel=\"noopener\">Lire la suite&#8230;<\/a><\/p>\n","protected":false},"excerpt":{"rendered":"<p>\u00c9TUDE &#8211; Selon la premi\u00e8re \u00e9tude EVX d\u00e9di\u00e9e \u00e0 la satisfaction des clients de voitures \u00e9lectriques men\u00e9e par JD Power aux \u00c9tats-Unis, 82 % des interrog\u00e9s d\u00e9clarent vouloir \u00ab\u00a0certainement\u00a0\u00bb racheter un autre v\u00e9hicule \u00ab\u00a0z\u00e9ro \u00e9mission\u00a0\u00bb \u00e0 l\u2019avenir. Mais pas forc\u00e9ment de la m\u00eame marque, encore moins si la promesse d\u2019une autonomie th\u00e9orique n\u2019est pas tenue et si les \u00e9conomies ne sont pas au rendez-vous.<br \/>\n&#8230;  <a class=\"continue-reading-link\" href=\"https:\/\/www.evearly.news\/fr\/voiture-electrique-pourquoi-82-des-proprietaires-en-racheteront-une\/\"><\/a><\/p>\n","protected":false},"author":29,"featured_media":0,"comment_status":"closed","ping_status":"closed","sticky":false,"template":"","format":"standard","meta":{"footnotes":""},"categories":[25],"tags":[],"class_list":["post-86714","post","type-post","status-publish","format-standard","hentry","category-breezcar"],"_links":{"self":[{"href":"https:\/\/www.evearly.news\/fr\/wp-json\/wp\/v2\/posts\/86714","targetHints":{"allow":["GET"]}}],"collection":[{"href":"https:\/\/www.evearly.news\/fr\/wp-json\/wp\/v2\/posts"}],"about":[{"href":"https:\/\/www.evearly.news\/fr\/wp-json\/wp\/v2\/types\/post"}],"author":[{"embeddable":true,"href":"https:\/\/www.evearly.news\/fr\/wp-json\/wp\/v2\/users\/29"}],"replies":[{"embeddable":true,"href":"https:\/\/www.evearly.news\/fr\/wp-json\/wp\/v2\/comments?post=86714"}],"version-history":[{"count":0,"href":"https:\/\/www.evearly.news\/fr\/wp-json\/wp\/v2\/posts\/86714\/revisions"}],"wp:attachment":[{"href":"https:\/\/www.evearly.news\/fr\/wp-json\/wp\/v2\/media?parent=86714"}],"wp:term":[{"taxonomy":"category","embeddable":true,"href":"https:\/\/www.evearly.news\/fr\/wp-json\/wp\/v2\/categories?post=86714"},{"taxonomy":"post_tag","embeddable":true,"href":"https:\/\/www.evearly.news\/fr\/wp-json\/wp\/v2\/tags?post=86714"}],"curies":[{"name":"wp","href":"https:\/\/api.w.org\/{rel}","templated":true}]}}