{"id":89209,"date":"2021-02-22T11:40:55","date_gmt":"2021-02-22T10:40:55","guid":{"rendered":"https:\/\/www.automobile-propre.com\/?post_type=breves&amp;p=110131"},"modified":"2021-02-22T11:40:55","modified_gmt":"2021-02-22T10:40:55","slug":"un-ford-f-150-hybride-pour-faire-face-aux-coupures-delectricite-au-texas","status":"publish","type":"post","link":"https:\/\/www.evearly.news\/fr\/un-ford-f-150-hybride-pour-faire-face-aux-coupures-delectricite-au-texas\/","title":{"rendered":"Un Ford F-150 hybride pour faire face aux coupures d\u2019\u00e9lectricit\u00e9 au Texas"},"content":{"rendered":"<p><img loading=\"lazy\" decoding=\"async\" class=\"attachment-medium size-medium wp-post-image\" src=\"https:\/\/www.automobile-propre.com\/wp-content\/uploads\/2020\/06\/ford-f-150-2021-hybride-01-1200x800.jpg\" alt=\"Ford F-150 2021\" width=\"1200\" height=\"800\" \/>Pour faire face aux pannes de courant, un Texan a utilis\u00e9 la g\u00e9n\u00e9ratrice de son Ford F-150 hybride afin d\u2019alimenter les appareils de sa maison.\u00a0<a href=\"https:\/\/www.automobile-propre.com\/breves\/un-ford-f-150-hybride-pour-faire-face-aux-coupures-delectricite-au-texas\/\" target=\"_blank\" rel=\"noopener\">Lire la suite&#8230;<\/a><\/p>\n","protected":false},"excerpt":{"rendered":"<p>Pour faire face aux pannes de courant, un Texan a utilis\u00e9 la g\u00e9n\u00e9ratrice de son Ford F-150 hybride afin d\u2019alimenter les appareils de sa maison.<\/p>\n<p>L\u2019article Un Ford F-150 hybride pour faire face aux coupures d&rsquo;\u00e9lectricit\u00e9 au Texas est apparu en premier sur Automobile Propre. &#8230; <a class=\"continue-reading-link\" href=\"https:\/\/www.evearly.news\/fr\/un-ford-f-150-hybride-pour-faire-face-aux-coupures-delectricite-au-texas\/\"><\/a><\/p>\n","protected":false},"author":8,"featured_media":0,"comment_status":"closed","ping_status":"closed","sticky":false,"template":"","format":"standard","meta":{"footnotes":""},"categories":[8],"tags":[],"class_list":["post-89209","post","type-post","status-publish","format-standard","hentry","category-automobile-propre"],"_links":{"self":[{"href":"https:\/\/www.evearly.news\/fr\/wp-json\/wp\/v2\/posts\/89209","targetHints":{"allow":["GET"]}}],"collection":[{"href":"https:\/\/www.evearly.news\/fr\/wp-json\/wp\/v2\/posts"}],"about":[{"href":"https:\/\/www.evearly.news\/fr\/wp-json\/wp\/v2\/types\/post"}],"author":[{"embeddable":true,"href":"https:\/\/www.evearly.news\/fr\/wp-json\/wp\/v2\/users\/8"}],"replies":[{"embeddable":true,"href":"https:\/\/www.evearly.news\/fr\/wp-json\/wp\/v2\/comments?post=89209"}],"version-history":[{"count":0,"href":"https:\/\/www.evearly.news\/fr\/wp-json\/wp\/v2\/posts\/89209\/revisions"}],"wp:attachment":[{"href":"https:\/\/www.evearly.news\/fr\/wp-json\/wp\/v2\/media?parent=89209"}],"wp:term":[{"taxonomy":"category","embeddable":true,"href":"https:\/\/www.evearly.news\/fr\/wp-json\/wp\/v2\/categories?post=89209"},{"taxonomy":"post_tag","embeddable":true,"href":"https:\/\/www.evearly.news\/fr\/wp-json\/wp\/v2\/tags?post=89209"}],"curies":[{"name":"wp","href":"https:\/\/api.w.org\/{rel}","templated":true}]}}